{"id":68718,"date":"2015-01-09T00:00:00","date_gmt":"2015-01-09T00:00:00","guid":{"rendered":"https:\/\/blog.arenaswim.com\/unkategorisiert\/willkommen-im-team-arena-franziska-und-damian\/"},"modified":"2015-01-09T00:00:00","modified_gmt":"2015-01-09T00:00:00","slug":"willkommen-im-team-arena-franziska-und-damian","status":"publish","type":"post","link":"https:\/\/blog.arenaswim.com\/de\/arena-elite-team\/willkommen-im-team-arena-franziska-und-damian\/","title":{"rendered":"Willkommen im Team arena &#8211; Franziska und Damian"},"content":{"rendered":"<p>Gleich zu Beginn des Jahres d\u00fcrfen wir zwei tolle Athleten bei uns begr\u00fc\u00dfen. Wir w\u00fcnschen Ihnen f\u00fcr Ihre n\u00e4chsten Wettk\u00e4mpfe und auf dem Weg nach Rio viel Erfolg! Rock the Pool!<\/p>\n<p><strong><img decoding=\"async\" loading=\"lazy\" class=\"alignnone wp-image-4679 size-full\" src=\"https:\/\/www.arenawaterinstinct.com\/de_de\/community\/wp-content\/uploads\/2015\/01\/damian_wierling.jpg\" alt=\"Damian Wierling\" width=\"908\" height=\"605\" \/><\/strong><\/p>\n<h2><strong>Damian Wierling <\/strong><\/h2>\n<p>Geburtstag: 13.02.1996<br \/>\nVerein: SG Essen<\/p>\n<p><strong>Medaillen:<\/strong><br \/>\n&#8211; Olympische Jugendspiele 2014, Nanjing, China<br \/>\n100 m Freistil, Bronze (DAR AK 18 in 49,07 Sek.)<br \/>\n200 m Freistil, Bronze<br \/>\n4x 100 m Freistil, Bronze<br \/>\n4x 100 m Lagen, Bronze<br \/>\n&#8211; Junioren-Europameisterschaft 2014, Dordrecht\/Holland<br \/>\n100 Freistil, Silber<\/p>\n<p><strong><img decoding=\"async\" loading=\"lazy\" class=\"alignnone wp-image-4681 size-full\" src=\"https:\/\/www.arenawaterinstinct.com\/de_de\/community\/wp-content\/uploads\/2015\/01\/franziska_hentke.jpg\" alt=\"Franziska Hentke\" width=\"908\" height=\"605\" \/><\/strong><\/p>\n<h2 style=\"text-align: left;\"><strong>Franziska Hentke<\/strong><\/h2>\n<p style=\"text-align: left;\">Geburtstag: 04.06.1989<br \/>\nClub: SC Magdeburg<\/p>\n<p style=\"text-align: left;\"><strong>Medaillen<span style=\"text-decoration: underline;\">:<\/span><\/strong><br \/>\n&#8211; Weltmeisterschaft 2014 Doha (Kurzstrecke)<br \/>\n200 m Schmetterling Bronze<br \/>\n&#8211; Deutsche Meisterschaft 2014, Berlin<br \/>\n400 m Lagen, Gold<br \/>\n&#8211; Kurzbahn-EM 2013 in Herning\/D\u00e4nemark<br \/>\n200 m Schmetterling, Silber, deutscher Rekord<\/p>\n","protected":false},"excerpt":{"rendered":"<p>Gleich zu Beginn des Jahres d\u00fcrfen wir zwei tolle Athleten bei uns begr\u00fc\u00dfen. Wir w\u00fcnschen Ihnen f\u00fcr Ihre n\u00e4chsten Wettk\u00e4mpfe und auf dem Weg nach Rio viel Erfolg! Rock the &hellip;<\/p>\n","protected":false},"author":1310,"featured_media":22516,"comment_status":"open","ping_status":"open","sticky":false,"template":"","format":"standard","meta":[],"categories":[10146],"tags":[],"acf":[],"yoast_head":"<!-- This site is optimized with the Yoast SEO plugin v19.14 - https:\/\/yoast.com\/wordpress\/plugins\/seo\/ -->\n<title>Willkommen im Team arena - Franziska und Damian<\/title>\n<meta name=\"description\" content=\"Gleich zu Beginn des Jahres d\u00fcrfen wir zwei tolle Athleten bei uns begr\u00fc\u00dfen. Wir w\u00fcnschen Ihnen f\u00fcr Ihre n\u00e4chsten Wettk\u00e4mpfe und auf dem Weg nach Rio viel Erfolg!\" \/>\n<meta name=\"robots\" content=\"index, follow, max-snippet:-1, max-image-preview:large, max-video-preview:-1\" \/>\n<link rel=\"canonical\" href=\"https:\/\/blog.arenaswim.com\/de\/arena-elite-team\/willkommen-im-team-arena-franziska-und-damian\/\" \/>\n<meta property=\"og:locale\" content=\"de_DE\" \/>\n<meta property=\"og:type\" content=\"article\" \/>\n<meta property=\"og:title\" content=\"Willkommen im Team arena - Franziska und Damian\" \/>\n<meta property=\"og:description\" content=\"Gleich zu Beginn des Jahres d\u00fcrfen wir zwei tolle Athleten bei uns begr\u00fc\u00dfen. Wir w\u00fcnschen Ihnen f\u00fcr Ihre n\u00e4chsten Wettk\u00e4mpfe und auf dem Weg nach Rio viel Erfolg!\" \/>\n<meta property=\"og:url\" content=\"https:\/\/blog.arenaswim.com\/de\/arena-elite-team\/willkommen-im-team-arena-franziska-und-damian\/\" \/>\n<meta property=\"og:site_name\" content=\"The arena swimming blog\" \/>\n<meta property=\"article:publisher\" content=\"https:\/\/www.facebook.com\/arenawaterinstinct\/\" \/>\n<meta property=\"article:published_time\" content=\"2015-01-09T00:00:00+00:00\" \/>\n<meta property=\"og:image\" content=\"https:\/\/blog.arenaswim.com\/wp-content\/uploads\/2019\/07\/team-deal.jpg\" \/>\n\t<meta property=\"og:image:width\" content=\"1350\" \/>\n\t<meta property=\"og:image:height\" content=\"568\" \/>\n\t<meta property=\"og:image:type\" content=\"image\/jpeg\" \/>\n<meta name=\"author\" content=\"Arena\" \/>\n<meta name=\"twitter:card\" content=\"summary_large_image\" \/>\n<meta name=\"twitter:creator\" content=\"@arenapeople\" \/>\n<meta name=\"twitter:site\" content=\"@arenapeople\" \/>\n<meta name=\"twitter:label1\" content=\"Verfasst von\" \/>\n\t<meta name=\"twitter:data1\" content=\"Arena\" \/>\n\t<meta name=\"twitter:label2\" content=\"Gesch\u00e4tzte Lesezeit\" \/>\n\t<meta name=\"twitter:data2\" content=\"1\u00a0Minute\" \/>\n<script type=\"application\/ld+json\" class=\"yoast-schema-graph\">{\"@context\":\"https:\/\/schema.org\",\"@graph\":[{\"@type\":\"Article\",\"@id\":\"https:\/\/blog.arenaswim.com\/de\/arena-elite-team\/willkommen-im-team-arena-franziska-und-damian\/#article\",\"isPartOf\":{\"@id\":\"https:\/\/blog.arenaswim.com\/de\/arena-elite-team\/willkommen-im-team-arena-franziska-und-damian\/\"},\"author\":{\"name\":\"Arena\",\"@id\":\"https:\/\/blog.arenaswim.com\/en\/#\/schema\/person\/6ca25b3a59723796d774641b00c169f6\"},\"headline\":\"Willkommen im Team arena &#8211; Franziska und Damian\",\"datePublished\":\"2015-01-09T00:00:00+00:00\",\"dateModified\":\"2015-01-09T00:00:00+00:00\",\"mainEntityOfPage\":{\"@id\":\"https:\/\/blog.arenaswim.com\/de\/arena-elite-team\/willkommen-im-team-arena-franziska-und-damian\/\"},\"wordCount\":113,\"commentCount\":0,\"publisher\":{\"@id\":\"https:\/\/blog.arenaswim.com\/en\/#organization\"},\"articleSection\":[\"arena Elite Team\"],\"inLanguage\":\"de\"},{\"@type\":\"WebPage\",\"@id\":\"https:\/\/blog.arenaswim.com\/de\/arena-elite-team\/willkommen-im-team-arena-franziska-und-damian\/\",\"url\":\"https:\/\/blog.arenaswim.com\/de\/arena-elite-team\/willkommen-im-team-arena-franziska-und-damian\/\",\"name\":\"Willkommen im Team arena - Franziska und Damian\",\"isPartOf\":{\"@id\":\"https:\/\/blog.arenaswim.com\/en\/#website\"},\"datePublished\":\"2015-01-09T00:00:00+00:00\",\"dateModified\":\"2015-01-09T00:00:00+00:00\",\"description\":\"Gleich zu Beginn des Jahres d\u00fcrfen wir zwei tolle Athleten bei uns begr\u00fc\u00dfen. Wir w\u00fcnschen Ihnen f\u00fcr Ihre n\u00e4chsten Wettk\u00e4mpfe und auf dem Weg nach Rio viel Erfolg!\",\"breadcrumb\":{\"@id\":\"https:\/\/blog.arenaswim.com\/de\/arena-elite-team\/willkommen-im-team-arena-franziska-und-damian\/#breadcrumb\"},\"inLanguage\":\"de\",\"potentialAction\":[{\"@type\":\"ReadAction\",\"target\":[\"https:\/\/blog.arenaswim.com\/de\/arena-elite-team\/willkommen-im-team-arena-franziska-und-damian\/\"]}]},{\"@type\":\"BreadcrumbList\",\"@id\":\"https:\/\/blog.arenaswim.com\/de\/arena-elite-team\/willkommen-im-team-arena-franziska-und-damian\/#breadcrumb\",\"itemListElement\":[{\"@type\":\"ListItem\",\"position\":1,\"name\":\"Home\",\"item\":\"https:\/\/blog.arenaswim.com\/en\/\"},{\"@type\":\"ListItem\",\"position\":2,\"name\":\"arena Elite Team\",\"item\":\"https:\/\/blog.arenaswim.com\/de\/arena-elite-team\/\"},{\"@type\":\"ListItem\",\"position\":3,\"name\":\"Willkommen im Team arena &#8211; Franziska und Damian\"}]},{\"@type\":\"WebSite\",\"@id\":\"https:\/\/blog.arenaswim.com\/en\/#website\",\"url\":\"https:\/\/blog.arenaswim.com\/en\/\",\"name\":\"The arena swimming blog\",\"description\":\"\",\"publisher\":{\"@id\":\"https:\/\/blog.arenaswim.com\/en\/#organization\"},\"potentialAction\":[{\"@type\":\"SearchAction\",\"target\":{\"@type\":\"EntryPoint\",\"urlTemplate\":\"https:\/\/blog.arenaswim.com\/en\/?s={search_term_string}\"},\"query-input\":\"required name=search_term_string\"}],\"inLanguage\":\"de\"},{\"@type\":\"Organization\",\"@id\":\"https:\/\/blog.arenaswim.com\/en\/#organization\",\"name\":\"arena\",\"url\":\"https:\/\/blog.arenaswim.com\/en\/\",\"logo\":{\"@type\":\"ImageObject\",\"inLanguage\":\"de\",\"@id\":\"https:\/\/blog.arenaswim.com\/en\/#\/schema\/logo\/image\/\",\"url\":\"https:\/\/blog.arenaswim.com\/wp-content\/uploads\/2019\/07\/LOGO-ARENA-VERTICAL-POSITIVE.png\",\"contentUrl\":\"https:\/\/blog.arenaswim.com\/wp-content\/uploads\/2019\/07\/LOGO-ARENA-VERTICAL-POSITIVE.png\",\"width\":380,\"height\":268,\"caption\":\"arena\"},\"image\":{\"@id\":\"https:\/\/blog.arenaswim.com\/en\/#\/schema\/logo\/image\/\"},\"sameAs\":[\"http:\/\/instagram.com\/arenawaterinstinct\",\"https:\/\/www.pinterest.it\/arenawaterinstinct\/\",\"https:\/\/www.youtube.com\/arenapeople\",\"https:\/\/www.facebook.com\/arenawaterinstinct\/\",\"https:\/\/twitter.com\/arenapeople\"]},{\"@type\":\"Person\",\"@id\":\"https:\/\/blog.arenaswim.com\/en\/#\/schema\/person\/6ca25b3a59723796d774641b00c169f6\",\"name\":\"Arena\",\"image\":{\"@type\":\"ImageObject\",\"inLanguage\":\"de\",\"@id\":\"https:\/\/blog.arenaswim.com\/en\/#\/schema\/person\/image\/\",\"url\":\"https:\/\/secure.gravatar.com\/avatar\/01f3bfaa4066977c68fe01c528d2b090?s=96&d=mm&r=g\",\"contentUrl\":\"https:\/\/secure.gravatar.com\/avatar\/01f3bfaa4066977c68fe01c528d2b090?s=96&d=mm&r=g\",\"caption\":\"Arena\"},\"url\":\"https:\/\/blog.arenaswim.com\/de\/author\/arena\/\"}]}<\/script>\n<!-- \/ Yoast SEO plugin. -->","yoast_head_json":{"title":"Willkommen im Team arena - Franziska und Damian","description":"Gleich zu Beginn des Jahres d\u00fcrfen wir zwei tolle Athleten bei uns begr\u00fc\u00dfen. Wir w\u00fcnschen Ihnen f\u00fcr Ihre n\u00e4chsten Wettk\u00e4mpfe und auf dem Weg nach Rio viel Erfolg!","robots":{"index":"index","follow":"follow","max-snippet":"max-snippet:-1","max-image-preview":"max-image-preview:large","max-video-preview":"max-video-preview:-1"},"canonical":"https:\/\/blog.arenaswim.com\/de\/arena-elite-team\/willkommen-im-team-arena-franziska-und-damian\/","og_locale":"de_DE","og_type":"article","og_title":"Willkommen im Team arena - Franziska und Damian","og_description":"Gleich zu Beginn des Jahres d\u00fcrfen wir zwei tolle Athleten bei uns begr\u00fc\u00dfen. Wir w\u00fcnschen Ihnen f\u00fcr Ihre n\u00e4chsten Wettk\u00e4mpfe und auf dem Weg nach Rio viel Erfolg!","og_url":"https:\/\/blog.arenaswim.com\/de\/arena-elite-team\/willkommen-im-team-arena-franziska-und-damian\/","og_site_name":"The arena swimming blog","article_publisher":"https:\/\/www.facebook.com\/arenawaterinstinct\/","article_published_time":"2015-01-09T00:00:00+00:00","og_image":[{"width":1350,"height":568,"url":"https:\/\/blog.arenaswim.com\/wp-content\/uploads\/2019\/07\/team-deal.jpg","type":"image\/jpeg"}],"author":"Arena","twitter_card":"summary_large_image","twitter_creator":"@arenapeople","twitter_site":"@arenapeople","twitter_misc":{"Verfasst von":"Arena","Gesch\u00e4tzte Lesezeit":"1\u00a0Minute"},"schema":{"@context":"https:\/\/schema.org","@graph":[{"@type":"Article","@id":"https:\/\/blog.arenaswim.com\/de\/arena-elite-team\/willkommen-im-team-arena-franziska-und-damian\/#article","isPartOf":{"@id":"https:\/\/blog.arenaswim.com\/de\/arena-elite-team\/willkommen-im-team-arena-franziska-und-damian\/"},"author":{"name":"Arena","@id":"https:\/\/blog.arenaswim.com\/en\/#\/schema\/person\/6ca25b3a59723796d774641b00c169f6"},"headline":"Willkommen im Team arena &#8211; Franziska und Damian","datePublished":"2015-01-09T00:00:00+00:00","dateModified":"2015-01-09T00:00:00+00:00","mainEntityOfPage":{"@id":"https:\/\/blog.arenaswim.com\/de\/arena-elite-team\/willkommen-im-team-arena-franziska-und-damian\/"},"wordCount":113,"commentCount":0,"publisher":{"@id":"https:\/\/blog.arenaswim.com\/en\/#organization"},"articleSection":["arena Elite Team"],"inLanguage":"de"},{"@type":"WebPage","@id":"https:\/\/blog.arenaswim.com\/de\/arena-elite-team\/willkommen-im-team-arena-franziska-und-damian\/","url":"https:\/\/blog.arenaswim.com\/de\/arena-elite-team\/willkommen-im-team-arena-franziska-und-damian\/","name":"Willkommen im Team arena - Franziska und Damian","isPartOf":{"@id":"https:\/\/blog.arenaswim.com\/en\/#website"},"datePublished":"2015-01-09T00:00:00+00:00","dateModified":"2015-01-09T00:00:00+00:00","description":"Gleich zu Beginn des Jahres d\u00fcrfen wir zwei tolle Athleten bei uns begr\u00fc\u00dfen. Wir w\u00fcnschen Ihnen f\u00fcr Ihre n\u00e4chsten Wettk\u00e4mpfe und auf dem Weg nach Rio viel Erfolg!","breadcrumb":{"@id":"https:\/\/blog.arenaswim.com\/de\/arena-elite-team\/willkommen-im-team-arena-franziska-und-damian\/#breadcrumb"},"inLanguage":"de","potentialAction":[{"@type":"ReadAction","target":["https:\/\/blog.arenaswim.com\/de\/arena-elite-team\/willkommen-im-team-arena-franziska-und-damian\/"]}]},{"@type":"BreadcrumbList","@id":"https:\/\/blog.arenaswim.com\/de\/arena-elite-team\/willkommen-im-team-arena-franziska-und-damian\/#breadcrumb","itemListElement":[{"@type":"ListItem","position":1,"name":"Home","item":"https:\/\/blog.arenaswim.com\/en\/"},{"@type":"ListItem","position":2,"name":"arena Elite Team","item":"https:\/\/blog.arenaswim.com\/de\/arena-elite-team\/"},{"@type":"ListItem","position":3,"name":"Willkommen im Team arena &#8211; Franziska und Damian"}]},{"@type":"WebSite","@id":"https:\/\/blog.arenaswim.com\/en\/#website","url":"https:\/\/blog.arenaswim.com\/en\/","name":"The arena swimming blog","description":"","publisher":{"@id":"https:\/\/blog.arenaswim.com\/en\/#organization"},"potentialAction":[{"@type":"SearchAction","target":{"@type":"EntryPoint","urlTemplate":"https:\/\/blog.arenaswim.com\/en\/?s={search_term_string}"},"query-input":"required name=search_term_string"}],"inLanguage":"de"},{"@type":"Organization","@id":"https:\/\/blog.arenaswim.com\/en\/#organization","name":"arena","url":"https:\/\/blog.arenaswim.com\/en\/","logo":{"@type":"ImageObject","inLanguage":"de","@id":"https:\/\/blog.arenaswim.com\/en\/#\/schema\/logo\/image\/","url":"https:\/\/blog.arenaswim.com\/wp-content\/uploads\/2019\/07\/LOGO-ARENA-VERTICAL-POSITIVE.png","contentUrl":"https:\/\/blog.arenaswim.com\/wp-content\/uploads\/2019\/07\/LOGO-ARENA-VERTICAL-POSITIVE.png","width":380,"height":268,"caption":"arena"},"image":{"@id":"https:\/\/blog.arenaswim.com\/en\/#\/schema\/logo\/image\/"},"sameAs":["http:\/\/instagram.com\/arenawaterinstinct","https:\/\/www.pinterest.it\/arenawaterinstinct\/","https:\/\/www.youtube.com\/arenapeople","https:\/\/www.facebook.com\/arenawaterinstinct\/","https:\/\/twitter.com\/arenapeople"]},{"@type":"Person","@id":"https:\/\/blog.arenaswim.com\/en\/#\/schema\/person\/6ca25b3a59723796d774641b00c169f6","name":"Arena","image":{"@type":"ImageObject","inLanguage":"de","@id":"https:\/\/blog.arenaswim.com\/en\/#\/schema\/person\/image\/","url":"https:\/\/secure.gravatar.com\/avatar\/01f3bfaa4066977c68fe01c528d2b090?s=96&d=mm&r=g","contentUrl":"https:\/\/secure.gravatar.com\/avatar\/01f3bfaa4066977c68fe01c528d2b090?s=96&d=mm&r=g","caption":"Arena"},"url":"https:\/\/blog.arenaswim.com\/de\/author\/arena\/"}]}},"amp_enabled":true,"_links":{"self":[{"href":"https:\/\/blog.arenaswim.com\/de\/wp-json\/wp\/v2\/posts\/68718"}],"collection":[{"href":"https:\/\/blog.arenaswim.com\/de\/wp-json\/wp\/v2\/posts"}],"about":[{"href":"https:\/\/blog.arenaswim.com\/de\/wp-json\/wp\/v2\/types\/post"}],"author":[{"embeddable":true,"href":"https:\/\/blog.arenaswim.com\/de\/wp-json\/wp\/v2\/users\/1310"}],"replies":[{"embeddable":true,"href":"https:\/\/blog.arenaswim.com\/de\/wp-json\/wp\/v2\/comments?post=68718"}],"version-history":[{"count":0,"href":"https:\/\/blog.arenaswim.com\/de\/wp-json\/wp\/v2\/posts\/68718\/revisions"}],"wp:featuredmedia":[{"embeddable":true,"href":"https:\/\/blog.arenaswim.com\/de\/wp-json\/wp\/v2\/media\/22516"}],"wp:attachment":[{"href":"https:\/\/blog.arenaswim.com\/de\/wp-json\/wp\/v2\/media?parent=68718"}],"wp:term":[{"taxonomy":"category","embeddable":true,"href":"https:\/\/blog.arenaswim.com\/de\/wp-json\/wp\/v2\/categories?post=68718"},{"taxonomy":"post_tag","embeddable":true,"href":"https:\/\/blog.arenaswim.com\/de\/wp-json\/wp\/v2\/tags?post=68718"}],"curies":[{"name":"wp","href":"https:\/\/api.w.org\/{rel}","templated":true}]}}