{"id":71334,"date":"2018-10-11T00:00:00","date_gmt":"2018-10-11T00:00:00","guid":{"rendered":"https:\/\/blog.arenaswim.com\/sin-categorizar\/la-natacion-y-el-asma\/"},"modified":"2018-10-11T00:00:00","modified_gmt":"2018-10-11T00:00:00","slug":"la-natacion-y-el-asma","status":"publish","type":"post","link":"https:\/\/blog.arenaswim.com\/es\/forma-fisica-y-bienestar\/la-natacion-y-el-asma\/","title":{"rendered":"La nataci\u00f3n y el asma"},"content":{"rendered":"<p>Grandes nadadores del presente y el pasado han sufrido y todav\u00eda sufren de asma, pero eso no les ha detenido en su camino hacia el \u00e9xito.<\/p>\n<p>El asma (es decir, la inflamaci\u00f3n cr\u00f3nica de las v\u00edas respiratorias) se considera como la epidemia del tercer milenio.<\/p>\n<p>Aproximadamente un 6% de los ni\u00f1os entre los 6-8 a\u00f1os la sufren, con los s\u00edntomas empeorando en caso de estr\u00e9s emocional, resfriado, medicaci\u00f3n, polvo, comida y ejercicio f\u00edsico.<sup>1<\/sup><\/p>\n<p>Por tanto, con la ayuda de las matem\u00e1ticas, podr\u00eda pensar:<\/p>\n<p>(asma + ejercicio) = peligro!<\/p>\n<p><strong>Bueno, pues puedes estar equivocado.<\/strong><\/p>\n<p>El lugar donde practicas deporte juega un papel crucial: un entorno templado y h\u00famedo como una piscina disminuye notablemente la patolog\u00eda en cuesti\u00f3n. Nadar realmente ayuda a reducir la constricci\u00f3n de los bronquios, que es uno de los s\u00edntomas principales del asma.<\/p>\n<p>Si preguntas a tu m\u00e9dico o al pediatra de tu hija cu\u00e1l es el mejor deporte para alguien que sufre asma, la mejor respuesta y la m\u00e1s frecuente ser\u00e1: la nataci\u00f3n.<\/p>\n<p><strong>C\u00d3MO CONTROLAR EL ASMA:<\/strong><\/p>\n<ul>\n<li>Hazte un chequeo m\u00e9dico para evaluar si puedes hacer ejercicio f\u00edsico, incluyendo un test minucioso sobre las alergias y el asma.<\/li>\n<\/ul>\n<ul>\n<li>Antes de nadar de manera agotadora, calienta adecuadamente y haz estiramientos de manera lenta y efectiva.<\/li>\n<\/ul>\n<ul>\n<li>No entres en el agua justo despu\u00e9s de comer\/o tomar una medicina.<\/li>\n<\/ul>\n<ul>\n<li>Evita nadar en agua fr\u00eda (teniendo en cuenta que la temperatura normal del agua en las piscinas suele estar entre los 25\u00ba-28\u00baC).<\/li>\n<\/ul>\n<ul>\n<li>Deja el ejercicio f\u00edsico si sufres una infecci\u00f3n respiratoria (gripe o resfriado) y consulta a tu medico cuando podr\u00e1s reanudar tus ejercicios.<\/li>\n<\/ul>\n<p>El \u00fanico inconveniente que podr\u00edas encontrar, asumiendo que eres hipersensible al moho, podr\u00eda ser en los vestuarios donde podr\u00eda haberlo. Pero no te preocupes, porque todas las instalaciones deportivas, particularmente las piscinas, tienen revisiones continuas y minuciosas realizadas por las autoridades locales adecuadas.<\/p>\n<p>No pienses en ning\u00fan momento que esta enfermedad te mantendr\u00e1 lejos del deporte: un estilo de vida sedentario ser\u00eda m\u00e1s da\u00f1ino desde el punto de vista bronquial.<\/p>\n<p>Y recuerda que casi 1 de cada 10 atletas que han participado en los Juegos Ol\u00edmpicos sufren de asma.<sup> 2<\/sup><\/p>\n<p><strong>UNA BREVE AN\u00c9CDOTA<\/strong><\/p>\n<p>Observando los resultados de las carreras de los Juegos Ol\u00edmpicos de Beijing de 2008, se se\u00f1al\u00f3 que el 19.3% de los nadadores con una exenci\u00f3n para el uso de inhaladores ganaron un 32.9% de los eventos acu\u00e1ticos. <sup>3<\/sup><\/p>\n<p>\u00a1Definitivamente un buen resultado para los enfermos de asma!<\/p>\n<p>Un estudio llevado a cabo por la <em>University of Western Australia <\/em>lleg\u00f3 a la conclusi\u00f3n de que la nataci\u00f3n es el deporte acu\u00e1tico con mayores enfermos de asma y que sufren asma m\u00e1s nadadores que cualquier otro deportista de resistencia.<\/p>\n<p>Por lo tanto, el asma no es una excusa para no probar la nataci\u00f3n y volver de nuevo a las matem\u00e1ticas: (asma + nataci\u00f3n) = victoria.<\/p>\n<p>Respira hondo y sum\u00e9rgete para prepararte y leer nuestro siguiente art\u00edculo.<\/p>\n<p>&#8212;&#8212;&#8212;&#8212;&#8212;<\/p>\n<p>Fuentes:<\/p>\n<h5><sup>1 <\/sup>Material universitario (diapositivas) para un curso farmacol\u00f3gico.<\/h5>\n<h5><sup>2 <\/sup>Estudio publicado por T<em>he British Journal of Sports Medicine.<\/em><\/h5>\n<h5><sup>3<\/sup> Estudio publicado por <em>University of Western Australia <\/em>y estudio realizado por Fitch K., <em>Therapeutic use exemptions (TUEs) at the Olympic Games 1992\u20132012.<\/em><\/h5>\n","protected":false},"excerpt":{"rendered":"<p>Grandes nadadores del presente y el pasado han sufrido y todav\u00eda sufren de asma, pero eso no les ha detenido en su camino hacia el \u00e9xito. El asma (es decir, &hellip;<\/p>\n","protected":false},"author":1362,"featured_media":4480,"comment_status":"closed","ping_status":"closed","sticky":false,"template":"","format":"standard","meta":[],"categories":[10130],"tags":[11940,12302,12308],"acf":[],"yoast_head":"<!-- This site is optimized with the Yoast SEO plugin v19.14 - https:\/\/yoast.com\/wordpress\/plugins\/seo\/ -->\n<title>La nataci\u00f3n y el asma - The arena swimming blog<\/title>\n<meta name=\"robots\" content=\"index, follow, max-snippet:-1, max-image-preview:large, max-video-preview:-1\" \/>\n<link rel=\"canonical\" href=\"https:\/\/blog.arenaswim.com\/es\/forma-fisica-y-bienestar\/la-natacion-y-el-asma\/\" \/>\n<meta property=\"og:locale\" content=\"es_ES\" \/>\n<meta property=\"og:type\" content=\"article\" \/>\n<meta property=\"og:title\" content=\"La nataci\u00f3n y el asma - The arena swimming blog\" \/>\n<meta property=\"og:description\" content=\"Grandes nadadores del presente y el pasado han sufrido y todav\u00eda sufren de asma, pero eso no les ha detenido en su camino hacia el \u00e9xito. El asma (es decir, &hellip;\" \/>\n<meta property=\"og:url\" content=\"https:\/\/blog.arenaswim.com\/es\/forma-fisica-y-bienestar\/la-natacion-y-el-asma\/\" \/>\n<meta property=\"og:site_name\" content=\"The arena swimming blog\" \/>\n<meta property=\"article:publisher\" content=\"https:\/\/www.facebook.com\/arenawaterinstinct\/\" \/>\n<meta property=\"article:published_time\" content=\"2018-10-11T00:00:00+00:00\" \/>\n<meta property=\"og:image\" content=\"https:\/\/blog.arenaswim.com\/wp-content\/uploads\/2019\/06\/swimming_asthma.jpg\" \/>\n\t<meta property=\"og:image:width\" content=\"800\" \/>\n\t<meta property=\"og:image:height\" content=\"418\" \/>\n\t<meta property=\"og:image:type\" content=\"image\/jpeg\" \/>\n<meta name=\"author\" content=\"Marco Borreca\" \/>\n<meta name=\"twitter:card\" content=\"summary_large_image\" \/>\n<meta name=\"twitter:creator\" content=\"@arenapeople\" \/>\n<meta name=\"twitter:site\" content=\"@arenapeople\" \/>\n<meta name=\"twitter:label1\" content=\"Escrito por\" \/>\n\t<meta name=\"twitter:data1\" content=\"Marco Borreca\" \/>\n\t<meta name=\"twitter:label2\" content=\"Tiempo de lectura\" \/>\n\t<meta name=\"twitter:data2\" content=\"3 minutos\" \/>\n<script type=\"application\/ld+json\" class=\"yoast-schema-graph\">{\"@context\":\"https:\/\/schema.org\",\"@graph\":[{\"@type\":\"Article\",\"@id\":\"https:\/\/blog.arenaswim.com\/es\/forma-fisica-y-bienestar\/la-natacion-y-el-asma\/#article\",\"isPartOf\":{\"@id\":\"https:\/\/blog.arenaswim.com\/es\/forma-fisica-y-bienestar\/la-natacion-y-el-asma\/\"},\"author\":{\"name\":\"Marco Borreca\",\"@id\":\"https:\/\/blog.arenaswim.com\/en\/#\/schema\/person\/a1443f24c69dce13cf3502f23033c737\"},\"headline\":\"La nataci\u00f3n y el asma\",\"datePublished\":\"2018-10-11T00:00:00+00:00\",\"dateModified\":\"2018-10-11T00:00:00+00:00\",\"mainEntityOfPage\":{\"@id\":\"https:\/\/blog.arenaswim.com\/es\/forma-fisica-y-bienestar\/la-natacion-y-el-asma\/\"},\"wordCount\":567,\"publisher\":{\"@id\":\"https:\/\/blog.arenaswim.com\/en\/#organization\"},\"keywords\":[\"asma\",\"entrenamiento\",\"NATACI\u00d3N\"],\"articleSection\":[\"Forma F\u00edsica Y Bienestar\"],\"inLanguage\":\"es\"},{\"@type\":\"WebPage\",\"@id\":\"https:\/\/blog.arenaswim.com\/es\/forma-fisica-y-bienestar\/la-natacion-y-el-asma\/\",\"url\":\"https:\/\/blog.arenaswim.com\/es\/forma-fisica-y-bienestar\/la-natacion-y-el-asma\/\",\"name\":\"La nataci\u00f3n y el asma - The arena swimming blog\",\"isPartOf\":{\"@id\":\"https:\/\/blog.arenaswim.com\/en\/#website\"},\"datePublished\":\"2018-10-11T00:00:00+00:00\",\"dateModified\":\"2018-10-11T00:00:00+00:00\",\"breadcrumb\":{\"@id\":\"https:\/\/blog.arenaswim.com\/es\/forma-fisica-y-bienestar\/la-natacion-y-el-asma\/#breadcrumb\"},\"inLanguage\":\"es\",\"potentialAction\":[{\"@type\":\"ReadAction\",\"target\":[\"https:\/\/blog.arenaswim.com\/es\/forma-fisica-y-bienestar\/la-natacion-y-el-asma\/\"]}]},{\"@type\":\"BreadcrumbList\",\"@id\":\"https:\/\/blog.arenaswim.com\/es\/forma-fisica-y-bienestar\/la-natacion-y-el-asma\/#breadcrumb\",\"itemListElement\":[{\"@type\":\"ListItem\",\"position\":1,\"name\":\"Home\",\"item\":\"https:\/\/blog.arenaswim.com\/en\/\"},{\"@type\":\"ListItem\",\"position\":2,\"name\":\"Forma F\u00edsica Y Bienestar\",\"item\":\"https:\/\/blog.arenaswim.com\/es\/forma-fisica-y-bienestar\/\"},{\"@type\":\"ListItem\",\"position\":3,\"name\":\"La nataci\u00f3n y el asma\"}]},{\"@type\":\"WebSite\",\"@id\":\"https:\/\/blog.arenaswim.com\/en\/#website\",\"url\":\"https:\/\/blog.arenaswim.com\/en\/\",\"name\":\"The arena swimming blog\",\"description\":\"\",\"publisher\":{\"@id\":\"https:\/\/blog.arenaswim.com\/en\/#organization\"},\"potentialAction\":[{\"@type\":\"SearchAction\",\"target\":{\"@type\":\"EntryPoint\",\"urlTemplate\":\"https:\/\/blog.arenaswim.com\/en\/?s={search_term_string}\"},\"query-input\":\"required name=search_term_string\"}],\"inLanguage\":\"es\"},{\"@type\":\"Organization\",\"@id\":\"https:\/\/blog.arenaswim.com\/en\/#organization\",\"name\":\"arena\",\"url\":\"https:\/\/blog.arenaswim.com\/en\/\",\"logo\":{\"@type\":\"ImageObject\",\"inLanguage\":\"es\",\"@id\":\"https:\/\/blog.arenaswim.com\/en\/#\/schema\/logo\/image\/\",\"url\":\"https:\/\/blog.arenaswim.com\/wp-content\/uploads\/2019\/07\/LOGO-ARENA-VERTICAL-POSITIVE.png\",\"contentUrl\":\"https:\/\/blog.arenaswim.com\/wp-content\/uploads\/2019\/07\/LOGO-ARENA-VERTICAL-POSITIVE.png\",\"width\":380,\"height\":268,\"caption\":\"arena\"},\"image\":{\"@id\":\"https:\/\/blog.arenaswim.com\/en\/#\/schema\/logo\/image\/\"},\"sameAs\":[\"http:\/\/instagram.com\/arenawaterinstinct\",\"https:\/\/www.pinterest.it\/arenawaterinstinct\/\",\"https:\/\/www.youtube.com\/arenapeople\",\"https:\/\/www.facebook.com\/arenawaterinstinct\/\",\"https:\/\/twitter.com\/arenapeople\"]},{\"@type\":\"Person\",\"@id\":\"https:\/\/blog.arenaswim.com\/en\/#\/schema\/person\/a1443f24c69dce13cf3502f23033c737\",\"name\":\"Marco Borreca\",\"image\":{\"@type\":\"ImageObject\",\"inLanguage\":\"es\",\"@id\":\"https:\/\/blog.arenaswim.com\/en\/#\/schema\/person\/image\/\",\"url\":\"https:\/\/secure.gravatar.com\/avatar\/960106061927e8da2e7736d11b6fb8eb?s=96&d=mm&r=g\",\"contentUrl\":\"https:\/\/secure.gravatar.com\/avatar\/960106061927e8da2e7736d11b6fb8eb?s=96&d=mm&r=g\",\"caption\":\"Marco Borreca\"},\"description\":\"Marco Borreca was born in Milan in 1985. After his competitive swimming career, he continued his sports studies graduating from the faculty of Preventive and Adaptive Motor Sciences in Pavia. He has been working as a swimming\/ fitness instructor and rehabilitation expert at various sports centres since he was very young. He mainly focuses on using water for recovering motor skills in the case of sports injuries and disabilities. He currently works for a municipal sports centre as the Head of Fitness and also works for a private practice as a kinesiologist.\",\"url\":\"https:\/\/blog.arenaswim.com\/es\/author\/mborreca\/\"}]}<\/script>\n<!-- \/ Yoast SEO plugin. -->","yoast_head_json":{"title":"La nataci\u00f3n y el asma - The arena swimming blog","robots":{"index":"index","follow":"follow","max-snippet":"max-snippet:-1","max-image-preview":"max-image-preview:large","max-video-preview":"max-video-preview:-1"},"canonical":"https:\/\/blog.arenaswim.com\/es\/forma-fisica-y-bienestar\/la-natacion-y-el-asma\/","og_locale":"es_ES","og_type":"article","og_title":"La nataci\u00f3n y el asma - The arena swimming blog","og_description":"Grandes nadadores del presente y el pasado han sufrido y todav\u00eda sufren de asma, pero eso no les ha detenido en su camino hacia el \u00e9xito. El asma (es decir, &hellip;","og_url":"https:\/\/blog.arenaswim.com\/es\/forma-fisica-y-bienestar\/la-natacion-y-el-asma\/","og_site_name":"The arena swimming blog","article_publisher":"https:\/\/www.facebook.com\/arenawaterinstinct\/","article_published_time":"2018-10-11T00:00:00+00:00","og_image":[{"width":800,"height":418,"url":"https:\/\/blog.arenaswim.com\/wp-content\/uploads\/2019\/06\/swimming_asthma.jpg","type":"image\/jpeg"}],"author":"Marco Borreca","twitter_card":"summary_large_image","twitter_creator":"@arenapeople","twitter_site":"@arenapeople","twitter_misc":{"Escrito por":"Marco Borreca","Tiempo de lectura":"3 minutos"},"schema":{"@context":"https:\/\/schema.org","@graph":[{"@type":"Article","@id":"https:\/\/blog.arenaswim.com\/es\/forma-fisica-y-bienestar\/la-natacion-y-el-asma\/#article","isPartOf":{"@id":"https:\/\/blog.arenaswim.com\/es\/forma-fisica-y-bienestar\/la-natacion-y-el-asma\/"},"author":{"name":"Marco Borreca","@id":"https:\/\/blog.arenaswim.com\/en\/#\/schema\/person\/a1443f24c69dce13cf3502f23033c737"},"headline":"La nataci\u00f3n y el asma","datePublished":"2018-10-11T00:00:00+00:00","dateModified":"2018-10-11T00:00:00+00:00","mainEntityOfPage":{"@id":"https:\/\/blog.arenaswim.com\/es\/forma-fisica-y-bienestar\/la-natacion-y-el-asma\/"},"wordCount":567,"publisher":{"@id":"https:\/\/blog.arenaswim.com\/en\/#organization"},"keywords":["asma","entrenamiento","NATACI\u00d3N"],"articleSection":["Forma F\u00edsica Y Bienestar"],"inLanguage":"es"},{"@type":"WebPage","@id":"https:\/\/blog.arenaswim.com\/es\/forma-fisica-y-bienestar\/la-natacion-y-el-asma\/","url":"https:\/\/blog.arenaswim.com\/es\/forma-fisica-y-bienestar\/la-natacion-y-el-asma\/","name":"La nataci\u00f3n y el asma - The arena swimming blog","isPartOf":{"@id":"https:\/\/blog.arenaswim.com\/en\/#website"},"datePublished":"2018-10-11T00:00:00+00:00","dateModified":"2018-10-11T00:00:00+00:00","breadcrumb":{"@id":"https:\/\/blog.arenaswim.com\/es\/forma-fisica-y-bienestar\/la-natacion-y-el-asma\/#breadcrumb"},"inLanguage":"es","potentialAction":[{"@type":"ReadAction","target":["https:\/\/blog.arenaswim.com\/es\/forma-fisica-y-bienestar\/la-natacion-y-el-asma\/"]}]},{"@type":"BreadcrumbList","@id":"https:\/\/blog.arenaswim.com\/es\/forma-fisica-y-bienestar\/la-natacion-y-el-asma\/#breadcrumb","itemListElement":[{"@type":"ListItem","position":1,"name":"Home","item":"https:\/\/blog.arenaswim.com\/en\/"},{"@type":"ListItem","position":2,"name":"Forma F\u00edsica Y Bienestar","item":"https:\/\/blog.arenaswim.com\/es\/forma-fisica-y-bienestar\/"},{"@type":"ListItem","position":3,"name":"La nataci\u00f3n y el asma"}]},{"@type":"WebSite","@id":"https:\/\/blog.arenaswim.com\/en\/#website","url":"https:\/\/blog.arenaswim.com\/en\/","name":"The arena swimming blog","description":"","publisher":{"@id":"https:\/\/blog.arenaswim.com\/en\/#organization"},"potentialAction":[{"@type":"SearchAction","target":{"@type":"EntryPoint","urlTemplate":"https:\/\/blog.arenaswim.com\/en\/?s={search_term_string}"},"query-input":"required name=search_term_string"}],"inLanguage":"es"},{"@type":"Organization","@id":"https:\/\/blog.arenaswim.com\/en\/#organization","name":"arena","url":"https:\/\/blog.arenaswim.com\/en\/","logo":{"@type":"ImageObject","inLanguage":"es","@id":"https:\/\/blog.arenaswim.com\/en\/#\/schema\/logo\/image\/","url":"https:\/\/blog.arenaswim.com\/wp-content\/uploads\/2019\/07\/LOGO-ARENA-VERTICAL-POSITIVE.png","contentUrl":"https:\/\/blog.arenaswim.com\/wp-content\/uploads\/2019\/07\/LOGO-ARENA-VERTICAL-POSITIVE.png","width":380,"height":268,"caption":"arena"},"image":{"@id":"https:\/\/blog.arenaswim.com\/en\/#\/schema\/logo\/image\/"},"sameAs":["http:\/\/instagram.com\/arenawaterinstinct","https:\/\/www.pinterest.it\/arenawaterinstinct\/","https:\/\/www.youtube.com\/arenapeople","https:\/\/www.facebook.com\/arenawaterinstinct\/","https:\/\/twitter.com\/arenapeople"]},{"@type":"Person","@id":"https:\/\/blog.arenaswim.com\/en\/#\/schema\/person\/a1443f24c69dce13cf3502f23033c737","name":"Marco Borreca","image":{"@type":"ImageObject","inLanguage":"es","@id":"https:\/\/blog.arenaswim.com\/en\/#\/schema\/person\/image\/","url":"https:\/\/secure.gravatar.com\/avatar\/960106061927e8da2e7736d11b6fb8eb?s=96&d=mm&r=g","contentUrl":"https:\/\/secure.gravatar.com\/avatar\/960106061927e8da2e7736d11b6fb8eb?s=96&d=mm&r=g","caption":"Marco Borreca"},"description":"Marco Borreca was born in Milan in 1985. After his competitive swimming career, he continued his sports studies graduating from the faculty of Preventive and Adaptive Motor Sciences in Pavia. He has been working as a swimming\/ fitness instructor and rehabilitation expert at various sports centres since he was very young. He mainly focuses on using water for recovering motor skills in the case of sports injuries and disabilities. He currently works for a municipal sports centre as the Head of Fitness and also works for a private practice as a kinesiologist.","url":"https:\/\/blog.arenaswim.com\/es\/author\/mborreca\/"}]}},"amp_enabled":true,"_links":{"self":[{"href":"https:\/\/blog.arenaswim.com\/es\/wp-json\/wp\/v2\/posts\/71334"}],"collection":[{"href":"https:\/\/blog.arenaswim.com\/es\/wp-json\/wp\/v2\/posts"}],"about":[{"href":"https:\/\/blog.arenaswim.com\/es\/wp-json\/wp\/v2\/types\/post"}],"author":[{"embeddable":true,"href":"https:\/\/blog.arenaswim.com\/es\/wp-json\/wp\/v2\/users\/1362"}],"replies":[{"embeddable":true,"href":"https:\/\/blog.arenaswim.com\/es\/wp-json\/wp\/v2\/comments?post=71334"}],"version-history":[{"count":0,"href":"https:\/\/blog.arenaswim.com\/es\/wp-json\/wp\/v2\/posts\/71334\/revisions"}],"wp:featuredmedia":[{"embeddable":true,"href":"https:\/\/blog.arenaswim.com\/es\/wp-json\/wp\/v2\/media\/4480"}],"wp:attachment":[{"href":"https:\/\/blog.arenaswim.com\/es\/wp-json\/wp\/v2\/media?parent=71334"}],"wp:term":[{"taxonomy":"category","embeddable":true,"href":"https:\/\/blog.arenaswim.com\/es\/wp-json\/wp\/v2\/categories?post=71334"},{"taxonomy":"post_tag","embeddable":true,"href":"https:\/\/blog.arenaswim.com\/es\/wp-json\/wp\/v2\/tags?post=71334"}],"curies":[{"name":"wp","href":"https:\/\/api.w.org\/{rel}","templated":true}]}}