{"id":77084,"date":"2020-05-01T19:20:47","date_gmt":"2020-05-01T17:20:47","guid":{"rendered":"https:\/\/blog.arenaswim.com\/?p=77084"},"modified":"2020-05-01T19:21:25","modified_gmt":"2020-05-01T17:21:25","slug":"production-de-masques-sanitaires-en-tissu-carbon","status":"publish","type":"post","link":"https:\/\/blog.arenaswim.com\/fr\/actualites-et-competitions\/production-de-masques-sanitaires-en-tissu-carbon\/","title":{"rendered":"Production de masques sanitaires en tissu Carbon"},"content":{"rendered":"<p><strong>Suite \u00e0 la propagation du COVID-19 dans le nord de l\u2019Italie<\/strong>, l\u2019une des usines qui produit nos combinaisons arena a commenc\u00e9 la fabrication de masques sanitaires dans les environs de Bergame, une des zones les plus durement touch\u00e9es du pays.<\/p>\n<p><strong>L\u2019impulsion initiale pour le changement de production a \u00e9t\u00e9 de se concentrer sur la sant\u00e9 et la s\u00e9curit\u00e9 des employ\u00e9s d&rsquo;arena<\/strong>, la promotion de l\u2019adoption de dispositifs de protection individuels pour assurer leur retour en toute s\u00e9curit\u00e9 \u00e0 un environnement de travail collectif sain lorsque les restrictions seront assouplies.<\/p>\n<p><strong>La production de masques &#8211; utilisant le tissu Carbon bleu qui est la principale caract\u00e9ristique de notre gamme phare de combinaisons<\/strong> &#8211; a rapidement atteint une capacit\u00e9 de 1.000 unit\u00e9s par jour, permettant \u00e0 l\u2019entreprise de donner des masques aux unit\u00e9s locales et r\u00e9gionales de protection civile pour une utilisation sur les lignes de front du coronavirus.<\/p>\n<p><strong>En effet, encore aujourd\u2019hui les masques visage et autres dispositifs de protection ne sont pas facilement disponible<\/strong>s dans de nombreuses r\u00e9gions de l\u2019Italie.<\/p>\n<p><strong>Les masques sont r\u00e9serv\u00e9s au don et ne seront pas vendus.<\/strong><\/p>\n<p><strong>Comme pour beaucoup d\u2019autres entreprises de diff\u00e9rentes industries<\/strong>, ce changement d\u2019orientation symbolise le changement de priorit\u00e9s pour arena en cette p\u00e9riode difficile, non seulement en termes de protection de ses employ\u00e9s, mais aussi en contribuant \u00e0 la lutte continue contre COVID-19 d\u2019une mani\u00e8re qui s\u2019appuie sur les attributs de marque de l\u2019entreprise de la cr\u00e9ativit\u00e9 et l\u2019innovation.<\/p>\n","protected":false},"excerpt":{"rendered":"<p>Suite \u00e0 la propagation du COVID-19 dans le nord de l\u2019Italie, l\u2019une des usines qui produit nos combinaisons arena a commenc\u00e9 la fabrication de masques sanitaires dans les environs de &hellip;<\/p>\n","protected":false},"author":1310,"featured_media":77076,"comment_status":"closed","ping_status":"closed","sticky":false,"template":"","format":"standard","meta":[],"categories":[10094],"tags":[],"acf":[],"yoast_head":"<!-- This site is optimized with the Yoast SEO plugin v19.14 - https:\/\/yoast.com\/wordpress\/plugins\/seo\/ -->\n<title>Production de masques sanitaires en tissu Carbon - The arena swimming blog<\/title>\n<meta name=\"robots\" content=\"index, follow, max-snippet:-1, max-image-preview:large, max-video-preview:-1\" \/>\n<link rel=\"canonical\" href=\"https:\/\/blog.arenaswim.com\/fr\/actualites-et-competitions\/production-de-masques-sanitaires-en-tissu-carbon\/\" \/>\n<meta property=\"og:locale\" content=\"fr_FR\" \/>\n<meta property=\"og:type\" content=\"article\" \/>\n<meta property=\"og:title\" content=\"Production de masques sanitaires en tissu Carbon - The arena swimming blog\" \/>\n<meta property=\"og:description\" content=\"Suite \u00e0 la propagation du COVID-19 dans le nord de l\u2019Italie, l\u2019une des usines qui produit nos combinaisons arena a commenc\u00e9 la fabrication de masques sanitaires dans les environs de &hellip;\" \/>\n<meta property=\"og:url\" content=\"https:\/\/blog.arenaswim.com\/fr\/actualites-et-competitions\/production-de-masques-sanitaires-en-tissu-carbon\/\" \/>\n<meta property=\"og:site_name\" content=\"The arena swimming blog\" \/>\n<meta property=\"article:publisher\" content=\"https:\/\/www.facebook.com\/arenawaterinstinct\/\" \/>\n<meta property=\"article:published_time\" content=\"2020-05-01T17:20:47+00:00\" \/>\n<meta property=\"article:modified_time\" content=\"2020-05-01T17:21:25+00:00\" \/>\n<meta property=\"og:image\" content=\"https:\/\/blog.arenaswim.com\/wp-content\/uploads\/2020\/04\/mask_carbon.jpg\" \/>\n\t<meta property=\"og:image:width\" content=\"800\" \/>\n\t<meta property=\"og:image:height\" content=\"600\" \/>\n\t<meta property=\"og:image:type\" content=\"image\/jpeg\" \/>\n<meta name=\"author\" content=\"Arena\" \/>\n<meta name=\"twitter:card\" content=\"summary_large_image\" \/>\n<meta name=\"twitter:creator\" content=\"@arenapeople\" \/>\n<meta name=\"twitter:site\" content=\"@arenapeople\" \/>\n<meta name=\"twitter:label1\" content=\"\u00c9crit par\" \/>\n\t<meta name=\"twitter:data1\" content=\"Arena\" \/>\n\t<meta name=\"twitter:label2\" content=\"Dur\u00e9e de lecture estim\u00e9e\" \/>\n\t<meta name=\"twitter:data2\" content=\"1 minute\" \/>\n<script type=\"application\/ld+json\" class=\"yoast-schema-graph\">{\"@context\":\"https:\/\/schema.org\",\"@graph\":[{\"@type\":\"Article\",\"@id\":\"https:\/\/blog.arenaswim.com\/fr\/actualites-et-competitions\/production-de-masques-sanitaires-en-tissu-carbon\/#article\",\"isPartOf\":{\"@id\":\"https:\/\/blog.arenaswim.com\/fr\/actualites-et-competitions\/production-de-masques-sanitaires-en-tissu-carbon\/\"},\"author\":{\"name\":\"Arena\",\"@id\":\"https:\/\/blog.arenaswim.com\/en\/#\/schema\/person\/6ca25b3a59723796d774641b00c169f6\"},\"headline\":\"Production de masques sanitaires en tissu Carbon\",\"datePublished\":\"2020-05-01T17:20:47+00:00\",\"dateModified\":\"2020-05-01T17:21:25+00:00\",\"mainEntityOfPage\":{\"@id\":\"https:\/\/blog.arenaswim.com\/fr\/actualites-et-competitions\/production-de-masques-sanitaires-en-tissu-carbon\/\"},\"wordCount\":269,\"publisher\":{\"@id\":\"https:\/\/blog.arenaswim.com\/en\/#organization\"},\"articleSection\":[\"Actualit\u00e9s et Comp\u00e9titions\"],\"inLanguage\":\"fr-FR\"},{\"@type\":\"WebPage\",\"@id\":\"https:\/\/blog.arenaswim.com\/fr\/actualites-et-competitions\/production-de-masques-sanitaires-en-tissu-carbon\/\",\"url\":\"https:\/\/blog.arenaswim.com\/fr\/actualites-et-competitions\/production-de-masques-sanitaires-en-tissu-carbon\/\",\"name\":\"Production de masques sanitaires en tissu Carbon - The arena swimming blog\",\"isPartOf\":{\"@id\":\"https:\/\/blog.arenaswim.com\/en\/#website\"},\"datePublished\":\"2020-05-01T17:20:47+00:00\",\"dateModified\":\"2020-05-01T17:21:25+00:00\",\"breadcrumb\":{\"@id\":\"https:\/\/blog.arenaswim.com\/fr\/actualites-et-competitions\/production-de-masques-sanitaires-en-tissu-carbon\/#breadcrumb\"},\"inLanguage\":\"fr-FR\",\"potentialAction\":[{\"@type\":\"ReadAction\",\"target\":[\"https:\/\/blog.arenaswim.com\/fr\/actualites-et-competitions\/production-de-masques-sanitaires-en-tissu-carbon\/\"]}]},{\"@type\":\"BreadcrumbList\",\"@id\":\"https:\/\/blog.arenaswim.com\/fr\/actualites-et-competitions\/production-de-masques-sanitaires-en-tissu-carbon\/#breadcrumb\",\"itemListElement\":[{\"@type\":\"ListItem\",\"position\":1,\"name\":\"Home\",\"item\":\"https:\/\/blog.arenaswim.com\/en\/\"},{\"@type\":\"ListItem\",\"position\":2,\"name\":\"Actualit\u00e9s et Comp\u00e9titions\",\"item\":\"https:\/\/blog.arenaswim.com\/fr\/actualites-et-competitions\/\"},{\"@type\":\"ListItem\",\"position\":3,\"name\":\"Production de masques sanitaires en tissu Carbon\"}]},{\"@type\":\"WebSite\",\"@id\":\"https:\/\/blog.arenaswim.com\/en\/#website\",\"url\":\"https:\/\/blog.arenaswim.com\/en\/\",\"name\":\"The arena swimming blog\",\"description\":\"\",\"publisher\":{\"@id\":\"https:\/\/blog.arenaswim.com\/en\/#organization\"},\"potentialAction\":[{\"@type\":\"SearchAction\",\"target\":{\"@type\":\"EntryPoint\",\"urlTemplate\":\"https:\/\/blog.arenaswim.com\/en\/?s={search_term_string}\"},\"query-input\":\"required name=search_term_string\"}],\"inLanguage\":\"fr-FR\"},{\"@type\":\"Organization\",\"@id\":\"https:\/\/blog.arenaswim.com\/en\/#organization\",\"name\":\"arena\",\"url\":\"https:\/\/blog.arenaswim.com\/en\/\",\"logo\":{\"@type\":\"ImageObject\",\"inLanguage\":\"fr-FR\",\"@id\":\"https:\/\/blog.arenaswim.com\/en\/#\/schema\/logo\/image\/\",\"url\":\"https:\/\/blog.arenaswim.com\/wp-content\/uploads\/2019\/07\/LOGO-ARENA-VERTICAL-POSITIVE.png\",\"contentUrl\":\"https:\/\/blog.arenaswim.com\/wp-content\/uploads\/2019\/07\/LOGO-ARENA-VERTICAL-POSITIVE.png\",\"width\":380,\"height\":268,\"caption\":\"arena\"},\"image\":{\"@id\":\"https:\/\/blog.arenaswim.com\/en\/#\/schema\/logo\/image\/\"},\"sameAs\":[\"http:\/\/instagram.com\/arenawaterinstinct\",\"https:\/\/www.pinterest.it\/arenawaterinstinct\/\",\"https:\/\/www.youtube.com\/arenapeople\",\"https:\/\/www.facebook.com\/arenawaterinstinct\/\",\"https:\/\/twitter.com\/arenapeople\"]},{\"@type\":\"Person\",\"@id\":\"https:\/\/blog.arenaswim.com\/en\/#\/schema\/person\/6ca25b3a59723796d774641b00c169f6\",\"name\":\"Arena\",\"image\":{\"@type\":\"ImageObject\",\"inLanguage\":\"fr-FR\",\"@id\":\"https:\/\/blog.arenaswim.com\/en\/#\/schema\/person\/image\/\",\"url\":\"https:\/\/secure.gravatar.com\/avatar\/01f3bfaa4066977c68fe01c528d2b090?s=96&d=mm&r=g\",\"contentUrl\":\"https:\/\/secure.gravatar.com\/avatar\/01f3bfaa4066977c68fe01c528d2b090?s=96&d=mm&r=g\",\"caption\":\"Arena\"},\"url\":\"https:\/\/blog.arenaswim.com\/fr\/author\/arena\/\"}]}<\/script>\n<!-- \/ Yoast SEO plugin. -->","yoast_head_json":{"title":"Production de masques sanitaires en tissu Carbon - The arena swimming blog","robots":{"index":"index","follow":"follow","max-snippet":"max-snippet:-1","max-image-preview":"max-image-preview:large","max-video-preview":"max-video-preview:-1"},"canonical":"https:\/\/blog.arenaswim.com\/fr\/actualites-et-competitions\/production-de-masques-sanitaires-en-tissu-carbon\/","og_locale":"fr_FR","og_type":"article","og_title":"Production de masques sanitaires en tissu Carbon - The arena swimming blog","og_description":"Suite \u00e0 la propagation du COVID-19 dans le nord de l\u2019Italie, l\u2019une des usines qui produit nos combinaisons arena a commenc\u00e9 la fabrication de masques sanitaires dans les environs de &hellip;","og_url":"https:\/\/blog.arenaswim.com\/fr\/actualites-et-competitions\/production-de-masques-sanitaires-en-tissu-carbon\/","og_site_name":"The arena swimming blog","article_publisher":"https:\/\/www.facebook.com\/arenawaterinstinct\/","article_published_time":"2020-05-01T17:20:47+00:00","article_modified_time":"2020-05-01T17:21:25+00:00","og_image":[{"width":800,"height":600,"url":"https:\/\/blog.arenaswim.com\/wp-content\/uploads\/2020\/04\/mask_carbon.jpg","type":"image\/jpeg"}],"author":"Arena","twitter_card":"summary_large_image","twitter_creator":"@arenapeople","twitter_site":"@arenapeople","twitter_misc":{"\u00c9crit par":"Arena","Dur\u00e9e de lecture estim\u00e9e":"1 minute"},"schema":{"@context":"https:\/\/schema.org","@graph":[{"@type":"Article","@id":"https:\/\/blog.arenaswim.com\/fr\/actualites-et-competitions\/production-de-masques-sanitaires-en-tissu-carbon\/#article","isPartOf":{"@id":"https:\/\/blog.arenaswim.com\/fr\/actualites-et-competitions\/production-de-masques-sanitaires-en-tissu-carbon\/"},"author":{"name":"Arena","@id":"https:\/\/blog.arenaswim.com\/en\/#\/schema\/person\/6ca25b3a59723796d774641b00c169f6"},"headline":"Production de masques sanitaires en tissu Carbon","datePublished":"2020-05-01T17:20:47+00:00","dateModified":"2020-05-01T17:21:25+00:00","mainEntityOfPage":{"@id":"https:\/\/blog.arenaswim.com\/fr\/actualites-et-competitions\/production-de-masques-sanitaires-en-tissu-carbon\/"},"wordCount":269,"publisher":{"@id":"https:\/\/blog.arenaswim.com\/en\/#organization"},"articleSection":["Actualit\u00e9s et Comp\u00e9titions"],"inLanguage":"fr-FR"},{"@type":"WebPage","@id":"https:\/\/blog.arenaswim.com\/fr\/actualites-et-competitions\/production-de-masques-sanitaires-en-tissu-carbon\/","url":"https:\/\/blog.arenaswim.com\/fr\/actualites-et-competitions\/production-de-masques-sanitaires-en-tissu-carbon\/","name":"Production de masques sanitaires en tissu Carbon - The arena swimming blog","isPartOf":{"@id":"https:\/\/blog.arenaswim.com\/en\/#website"},"datePublished":"2020-05-01T17:20:47+00:00","dateModified":"2020-05-01T17:21:25+00:00","breadcrumb":{"@id":"https:\/\/blog.arenaswim.com\/fr\/actualites-et-competitions\/production-de-masques-sanitaires-en-tissu-carbon\/#breadcrumb"},"inLanguage":"fr-FR","potentialAction":[{"@type":"ReadAction","target":["https:\/\/blog.arenaswim.com\/fr\/actualites-et-competitions\/production-de-masques-sanitaires-en-tissu-carbon\/"]}]},{"@type":"BreadcrumbList","@id":"https:\/\/blog.arenaswim.com\/fr\/actualites-et-competitions\/production-de-masques-sanitaires-en-tissu-carbon\/#breadcrumb","itemListElement":[{"@type":"ListItem","position":1,"name":"Home","item":"https:\/\/blog.arenaswim.com\/en\/"},{"@type":"ListItem","position":2,"name":"Actualit\u00e9s et Comp\u00e9titions","item":"https:\/\/blog.arenaswim.com\/fr\/actualites-et-competitions\/"},{"@type":"ListItem","position":3,"name":"Production de masques sanitaires en tissu Carbon"}]},{"@type":"WebSite","@id":"https:\/\/blog.arenaswim.com\/en\/#website","url":"https:\/\/blog.arenaswim.com\/en\/","name":"The arena swimming blog","description":"","publisher":{"@id":"https:\/\/blog.arenaswim.com\/en\/#organization"},"potentialAction":[{"@type":"SearchAction","target":{"@type":"EntryPoint","urlTemplate":"https:\/\/blog.arenaswim.com\/en\/?s={search_term_string}"},"query-input":"required name=search_term_string"}],"inLanguage":"fr-FR"},{"@type":"Organization","@id":"https:\/\/blog.arenaswim.com\/en\/#organization","name":"arena","url":"https:\/\/blog.arenaswim.com\/en\/","logo":{"@type":"ImageObject","inLanguage":"fr-FR","@id":"https:\/\/blog.arenaswim.com\/en\/#\/schema\/logo\/image\/","url":"https:\/\/blog.arenaswim.com\/wp-content\/uploads\/2019\/07\/LOGO-ARENA-VERTICAL-POSITIVE.png","contentUrl":"https:\/\/blog.arenaswim.com\/wp-content\/uploads\/2019\/07\/LOGO-ARENA-VERTICAL-POSITIVE.png","width":380,"height":268,"caption":"arena"},"image":{"@id":"https:\/\/blog.arenaswim.com\/en\/#\/schema\/logo\/image\/"},"sameAs":["http:\/\/instagram.com\/arenawaterinstinct","https:\/\/www.pinterest.it\/arenawaterinstinct\/","https:\/\/www.youtube.com\/arenapeople","https:\/\/www.facebook.com\/arenawaterinstinct\/","https:\/\/twitter.com\/arenapeople"]},{"@type":"Person","@id":"https:\/\/blog.arenaswim.com\/en\/#\/schema\/person\/6ca25b3a59723796d774641b00c169f6","name":"Arena","image":{"@type":"ImageObject","inLanguage":"fr-FR","@id":"https:\/\/blog.arenaswim.com\/en\/#\/schema\/person\/image\/","url":"https:\/\/secure.gravatar.com\/avatar\/01f3bfaa4066977c68fe01c528d2b090?s=96&d=mm&r=g","contentUrl":"https:\/\/secure.gravatar.com\/avatar\/01f3bfaa4066977c68fe01c528d2b090?s=96&d=mm&r=g","caption":"Arena"},"url":"https:\/\/blog.arenaswim.com\/fr\/author\/arena\/"}]}},"amp_enabled":true,"_links":{"self":[{"href":"https:\/\/blog.arenaswim.com\/fr\/wp-json\/wp\/v2\/posts\/77084"}],"collection":[{"href":"https:\/\/blog.arenaswim.com\/fr\/wp-json\/wp\/v2\/posts"}],"about":[{"href":"https:\/\/blog.arenaswim.com\/fr\/wp-json\/wp\/v2\/types\/post"}],"author":[{"embeddable":true,"href":"https:\/\/blog.arenaswim.com\/fr\/wp-json\/wp\/v2\/users\/1310"}],"replies":[{"embeddable":true,"href":"https:\/\/blog.arenaswim.com\/fr\/wp-json\/wp\/v2\/comments?post=77084"}],"version-history":[{"count":3,"href":"https:\/\/blog.arenaswim.com\/fr\/wp-json\/wp\/v2\/posts\/77084\/revisions"}],"predecessor-version":[{"id":77090,"href":"https:\/\/blog.arenaswim.com\/fr\/wp-json\/wp\/v2\/posts\/77084\/revisions\/77090"}],"wp:featuredmedia":[{"embeddable":true,"href":"https:\/\/blog.arenaswim.com\/fr\/wp-json\/wp\/v2\/media\/77076"}],"wp:attachment":[{"href":"https:\/\/blog.arenaswim.com\/fr\/wp-json\/wp\/v2\/media?parent=77084"}],"wp:term":[{"taxonomy":"category","embeddable":true,"href":"https:\/\/blog.arenaswim.com\/fr\/wp-json\/wp\/v2\/categories?post=77084"},{"taxonomy":"post_tag","embeddable":true,"href":"https:\/\/blog.arenaswim.com\/fr\/wp-json\/wp\/v2\/tags?post=77084"}],"curies":[{"name":"wp","href":"https:\/\/api.w.org\/{rel}","templated":true}]}}