{"id":70296,"date":"2013-07-11T00:00:00","date_gmt":"2013-07-11T00:00:00","guid":{"rendered":"https:\/\/blog.arenaswim.com\/non-categorizzato\/james-magnussen-si-unisce-ad-arena\/"},"modified":"2013-07-11T00:00:00","modified_gmt":"2013-07-11T00:00:00","slug":"james-magnussen-si-unisce-ad-arena","status":"publish","type":"post","link":"https:\/\/blog.arenaswim.com\/it\/elite-team\/james-magnussen-si-unisce-ad-arena\/","title":{"rendered":"James Magnussen si unisce ad Arena!"},"content":{"rendered":"<p><strong>Siamo lieti di annunciare un nuovo contratto di sponsorizzazione con il velocista australiano James Magnussen, campione del mondo di stile libero. Il ventiduenne, originario di Sidney, \u00e8 stato il primo australiano a vincere il titolo nei 100m stile libero ai mondiali di Shanghai 2011.<\/strong><\/p>\n<p>Magnussen si \u00e8 imposto per la prima volta nella sua gara di debutto a Shanghai, quando ha contribuito, come primo frazionista, alla vittoria dell&#8217;Australia nella staffetta 4&#215;100 con un tempo di 47.49, il pi\u00f9 veloce mai raggiunto con un costume in tessuto, eclissando il record di 47.84 di Pieter van den Hoogenband nell&#8217;era del pre-poliuretano.<\/p>\n<p>Sull&#8217;accordo con Arena James ha dichiarato:<\/p>\n<p><em>\u201cSono molto felice ed onorato di lavorare con Arena per il futuro della mia carriera. Tutto il mondo del nuoto ha grande rispetto per quest&#8217;azienda e per le persone che lavorano qui. Anche entrare nell&#8217;Elite Team internazionale \u00e8 una cosa che per me significa moltissimo. Condivido con Arena la stessa passione per il nuoto e per il duro lavoro che sta dietro ai grandi risultati in acqua: \u00e8 perfetta per me. Spero di ottenere molti successi in futuro con il team Arena\u201d.<\/em><\/p>\n<p>A poche settimane da Barcellona Magnussen si \u00e8 dimostrato ancora una volta uno degli uomini da battere nelle gare di velocit\u00e0 a stile libero e si presenta con quattro dei cinque migliori tempi dell&#8217;anno nei 100m stile (47.53 il pi\u00f9 alto) e con il secondo miglior tempo nei 50 (21.52).<\/p>\n<p><em>\u201cSiamo felicissimi di dare il benvenuto nella famiglia Arena ad un velocista del calibro di James\u201d<\/em>, ha detto <strong>Giuseppe Musciacchio,<\/strong> General Manager del Brand Development Arena.<\/p>\n","protected":false},"excerpt":{"rendered":"<p>Siamo lieti di annunciare un nuovo contratto di sponsorizzazione con il velocista australiano James Magnussen, campione del mondo di stile libero. Il ventiduenne, originario di Sidney, \u00e8 stato il primo &hellip;<\/p>\n","protected":false},"author":1310,"featured_media":10172,"comment_status":"closed","ping_status":"closed","sticky":false,"template":"","format":"standard","meta":[],"categories":[10068],"tags":[],"acf":[],"yoast_head":"<!-- This site is optimized with the Yoast SEO plugin v19.14 - https:\/\/yoast.com\/wordpress\/plugins\/seo\/ -->\n<title>James Magnussen si unisce ad Arena! - arena swim blog<\/title>\n<meta name=\"description\" content=\"Siamo lieti di annunciare un nuovo contratto di sponsorizzazione con il velocista australiano James Magnussen, campione del mondo di stile libero.\" \/>\n<meta name=\"robots\" content=\"index, follow, max-snippet:-1, max-image-preview:large, max-video-preview:-1\" \/>\n<link rel=\"canonical\" href=\"https:\/\/blog.arenaswim.com\/it\/elite-team\/james-magnussen-si-unisce-ad-arena\/\" \/>\n<meta property=\"og:locale\" content=\"it_IT\" \/>\n<meta property=\"og:type\" content=\"article\" \/>\n<meta property=\"og:title\" content=\"James Magnussen si unisce ad Arena! - arena swim blog\" \/>\n<meta property=\"og:description\" content=\"Siamo lieti di annunciare un nuovo contratto di sponsorizzazione con il velocista australiano James Magnussen, campione del mondo di stile libero.\" \/>\n<meta property=\"og:url\" content=\"https:\/\/blog.arenaswim.com\/it\/elite-team\/james-magnussen-si-unisce-ad-arena\/\" \/>\n<meta property=\"og:site_name\" content=\"arena swim blog\" \/>\n<meta property=\"article:publisher\" content=\"https:\/\/www.facebook.com\/arenawaterinstinct\/\" \/>\n<meta property=\"article:published_time\" content=\"2013-07-11T00:00:00+00:00\" \/>\n<meta property=\"og:image\" content=\"https:\/\/blog.arenaswim.com\/wp-content\/uploads\/2019\/06\/james-magnussen.jpg\" \/>\n\t<meta property=\"og:image:width\" content=\"600\" \/>\n\t<meta property=\"og:image:height\" content=\"400\" \/>\n\t<meta property=\"og:image:type\" content=\"image\/jpeg\" \/>\n<meta name=\"author\" content=\"Arena\" \/>\n<meta name=\"twitter:card\" content=\"summary_large_image\" \/>\n<meta name=\"twitter:creator\" content=\"@arenapeople\" \/>\n<meta name=\"twitter:site\" content=\"@arenapeople\" \/>\n<meta name=\"twitter:label1\" content=\"Scritto da\" \/>\n\t<meta name=\"twitter:data1\" content=\"Arena\" \/>\n\t<meta name=\"twitter:label2\" content=\"Tempo di lettura stimato\" \/>\n\t<meta name=\"twitter:data2\" content=\"1 minuto\" \/>\n<script type=\"application\/ld+json\" class=\"yoast-schema-graph\">{\"@context\":\"https:\/\/schema.org\",\"@graph\":[{\"@type\":\"Article\",\"@id\":\"https:\/\/blog.arenaswim.com\/it\/elite-team\/james-magnussen-si-unisce-ad-arena\/#article\",\"isPartOf\":{\"@id\":\"https:\/\/blog.arenaswim.com\/it\/elite-team\/james-magnussen-si-unisce-ad-arena\/\"},\"author\":{\"name\":\"Arena\",\"@id\":\"https:\/\/blog.arenaswim.com\/en\/#\/schema\/person\/6ca25b3a59723796d774641b00c169f6\"},\"headline\":\"James Magnussen si unisce ad Arena!\",\"datePublished\":\"2013-07-11T00:00:00+00:00\",\"dateModified\":\"2013-07-11T00:00:00+00:00\",\"mainEntityOfPage\":{\"@id\":\"https:\/\/blog.arenaswim.com\/it\/elite-team\/james-magnussen-si-unisce-ad-arena\/\"},\"wordCount\":258,\"publisher\":{\"@id\":\"https:\/\/blog.arenaswim.com\/en\/#organization\"},\"articleSection\":[\"Elite Team\"],\"inLanguage\":\"it-IT\"},{\"@type\":\"WebPage\",\"@id\":\"https:\/\/blog.arenaswim.com\/it\/elite-team\/james-magnussen-si-unisce-ad-arena\/\",\"url\":\"https:\/\/blog.arenaswim.com\/it\/elite-team\/james-magnussen-si-unisce-ad-arena\/\",\"name\":\"James Magnussen si unisce ad Arena! - arena swim blog\",\"isPartOf\":{\"@id\":\"https:\/\/blog.arenaswim.com\/en\/#website\"},\"datePublished\":\"2013-07-11T00:00:00+00:00\",\"dateModified\":\"2013-07-11T00:00:00+00:00\",\"description\":\"Siamo lieti di annunciare un nuovo contratto di sponsorizzazione con il velocista australiano James Magnussen, campione del mondo di stile libero.\",\"breadcrumb\":{\"@id\":\"https:\/\/blog.arenaswim.com\/it\/elite-team\/james-magnussen-si-unisce-ad-arena\/#breadcrumb\"},\"inLanguage\":\"it-IT\",\"potentialAction\":[{\"@type\":\"ReadAction\",\"target\":[\"https:\/\/blog.arenaswim.com\/it\/elite-team\/james-magnussen-si-unisce-ad-arena\/\"]}]},{\"@type\":\"BreadcrumbList\",\"@id\":\"https:\/\/blog.arenaswim.com\/it\/elite-team\/james-magnussen-si-unisce-ad-arena\/#breadcrumb\",\"itemListElement\":[{\"@type\":\"ListItem\",\"position\":1,\"name\":\"Home\",\"item\":\"https:\/\/blog.arenaswim.com\/en\/\"},{\"@type\":\"ListItem\",\"position\":2,\"name\":\"Elite Team\",\"item\":\"https:\/\/blog.arenaswim.com\/en\/elite-team\/\"},{\"@type\":\"ListItem\",\"position\":3,\"name\":\"James Magnussen si unisce ad Arena!\"}]},{\"@type\":\"WebSite\",\"@id\":\"https:\/\/blog.arenaswim.com\/en\/#website\",\"url\":\"https:\/\/blog.arenaswim.com\/en\/\",\"name\":\"arena swim blog\",\"description\":\"\",\"publisher\":{\"@id\":\"https:\/\/blog.arenaswim.com\/en\/#organization\"},\"potentialAction\":[{\"@type\":\"SearchAction\",\"target\":{\"@type\":\"EntryPoint\",\"urlTemplate\":\"https:\/\/blog.arenaswim.com\/en\/?s={search_term_string}\"},\"query-input\":\"required name=search_term_string\"}],\"inLanguage\":\"it-IT\"},{\"@type\":\"Organization\",\"@id\":\"https:\/\/blog.arenaswim.com\/en\/#organization\",\"name\":\"arena\",\"url\":\"https:\/\/blog.arenaswim.com\/en\/\",\"logo\":{\"@type\":\"ImageObject\",\"inLanguage\":\"it-IT\",\"@id\":\"https:\/\/blog.arenaswim.com\/en\/#\/schema\/logo\/image\/\",\"url\":\"https:\/\/blog.arenaswim.com\/wp-content\/uploads\/2019\/07\/LOGO-ARENA-VERTICAL-POSITIVE.png\",\"contentUrl\":\"https:\/\/blog.arenaswim.com\/wp-content\/uploads\/2019\/07\/LOGO-ARENA-VERTICAL-POSITIVE.png\",\"width\":380,\"height\":268,\"caption\":\"arena\"},\"image\":{\"@id\":\"https:\/\/blog.arenaswim.com\/en\/#\/schema\/logo\/image\/\"},\"sameAs\":[\"http:\/\/instagram.com\/arenawaterinstinct\",\"https:\/\/www.pinterest.it\/arenawaterinstinct\/\",\"https:\/\/www.youtube.com\/arenapeople\",\"https:\/\/www.facebook.com\/arenawaterinstinct\/\",\"https:\/\/twitter.com\/arenapeople\"]},{\"@type\":\"Person\",\"@id\":\"https:\/\/blog.arenaswim.com\/en\/#\/schema\/person\/6ca25b3a59723796d774641b00c169f6\",\"name\":\"Arena\",\"image\":{\"@type\":\"ImageObject\",\"inLanguage\":\"it-IT\",\"@id\":\"https:\/\/blog.arenaswim.com\/en\/#\/schema\/person\/image\/\",\"url\":\"https:\/\/secure.gravatar.com\/avatar\/01f3bfaa4066977c68fe01c528d2b090?s=96&d=mm&r=g\",\"contentUrl\":\"https:\/\/secure.gravatar.com\/avatar\/01f3bfaa4066977c68fe01c528d2b090?s=96&d=mm&r=g\",\"caption\":\"Arena\"},\"url\":\"https:\/\/blog.arenaswim.com\/it\/author\/arena\/\"}]}<\/script>\n<!-- \/ Yoast SEO plugin. -->","yoast_head_json":{"title":"James Magnussen si unisce ad Arena! - arena swim blog","description":"Siamo lieti di annunciare un nuovo contratto di sponsorizzazione con il velocista australiano James Magnussen, campione del mondo di stile libero.","robots":{"index":"index","follow":"follow","max-snippet":"max-snippet:-1","max-image-preview":"max-image-preview:large","max-video-preview":"max-video-preview:-1"},"canonical":"https:\/\/blog.arenaswim.com\/it\/elite-team\/james-magnussen-si-unisce-ad-arena\/","og_locale":"it_IT","og_type":"article","og_title":"James Magnussen si unisce ad Arena! - arena swim blog","og_description":"Siamo lieti di annunciare un nuovo contratto di sponsorizzazione con il velocista australiano James Magnussen, campione del mondo di stile libero.","og_url":"https:\/\/blog.arenaswim.com\/it\/elite-team\/james-magnussen-si-unisce-ad-arena\/","og_site_name":"arena swim blog","article_publisher":"https:\/\/www.facebook.com\/arenawaterinstinct\/","article_published_time":"2013-07-11T00:00:00+00:00","og_image":[{"width":600,"height":400,"url":"https:\/\/blog.arenaswim.com\/wp-content\/uploads\/2019\/06\/james-magnussen.jpg","type":"image\/jpeg"}],"author":"Arena","twitter_card":"summary_large_image","twitter_creator":"@arenapeople","twitter_site":"@arenapeople","twitter_misc":{"Scritto da":"Arena","Tempo di lettura stimato":"1 minuto"},"schema":{"@context":"https:\/\/schema.org","@graph":[{"@type":"Article","@id":"https:\/\/blog.arenaswim.com\/it\/elite-team\/james-magnussen-si-unisce-ad-arena\/#article","isPartOf":{"@id":"https:\/\/blog.arenaswim.com\/it\/elite-team\/james-magnussen-si-unisce-ad-arena\/"},"author":{"name":"Arena","@id":"https:\/\/blog.arenaswim.com\/en\/#\/schema\/person\/6ca25b3a59723796d774641b00c169f6"},"headline":"James Magnussen si unisce ad Arena!","datePublished":"2013-07-11T00:00:00+00:00","dateModified":"2013-07-11T00:00:00+00:00","mainEntityOfPage":{"@id":"https:\/\/blog.arenaswim.com\/it\/elite-team\/james-magnussen-si-unisce-ad-arena\/"},"wordCount":258,"publisher":{"@id":"https:\/\/blog.arenaswim.com\/en\/#organization"},"articleSection":["Elite Team"],"inLanguage":"it-IT"},{"@type":"WebPage","@id":"https:\/\/blog.arenaswim.com\/it\/elite-team\/james-magnussen-si-unisce-ad-arena\/","url":"https:\/\/blog.arenaswim.com\/it\/elite-team\/james-magnussen-si-unisce-ad-arena\/","name":"James Magnussen si unisce ad Arena! - arena swim blog","isPartOf":{"@id":"https:\/\/blog.arenaswim.com\/en\/#website"},"datePublished":"2013-07-11T00:00:00+00:00","dateModified":"2013-07-11T00:00:00+00:00","description":"Siamo lieti di annunciare un nuovo contratto di sponsorizzazione con il velocista australiano James Magnussen, campione del mondo di stile libero.","breadcrumb":{"@id":"https:\/\/blog.arenaswim.com\/it\/elite-team\/james-magnussen-si-unisce-ad-arena\/#breadcrumb"},"inLanguage":"it-IT","potentialAction":[{"@type":"ReadAction","target":["https:\/\/blog.arenaswim.com\/it\/elite-team\/james-magnussen-si-unisce-ad-arena\/"]}]},{"@type":"BreadcrumbList","@id":"https:\/\/blog.arenaswim.com\/it\/elite-team\/james-magnussen-si-unisce-ad-arena\/#breadcrumb","itemListElement":[{"@type":"ListItem","position":1,"name":"Home","item":"https:\/\/blog.arenaswim.com\/en\/"},{"@type":"ListItem","position":2,"name":"Elite Team","item":"https:\/\/blog.arenaswim.com\/en\/elite-team\/"},{"@type":"ListItem","position":3,"name":"James Magnussen si unisce ad Arena!"}]},{"@type":"WebSite","@id":"https:\/\/blog.arenaswim.com\/en\/#website","url":"https:\/\/blog.arenaswim.com\/en\/","name":"arena swim blog","description":"","publisher":{"@id":"https:\/\/blog.arenaswim.com\/en\/#organization"},"potentialAction":[{"@type":"SearchAction","target":{"@type":"EntryPoint","urlTemplate":"https:\/\/blog.arenaswim.com\/en\/?s={search_term_string}"},"query-input":"required name=search_term_string"}],"inLanguage":"it-IT"},{"@type":"Organization","@id":"https:\/\/blog.arenaswim.com\/en\/#organization","name":"arena","url":"https:\/\/blog.arenaswim.com\/en\/","logo":{"@type":"ImageObject","inLanguage":"it-IT","@id":"https:\/\/blog.arenaswim.com\/en\/#\/schema\/logo\/image\/","url":"https:\/\/blog.arenaswim.com\/wp-content\/uploads\/2019\/07\/LOGO-ARENA-VERTICAL-POSITIVE.png","contentUrl":"https:\/\/blog.arenaswim.com\/wp-content\/uploads\/2019\/07\/LOGO-ARENA-VERTICAL-POSITIVE.png","width":380,"height":268,"caption":"arena"},"image":{"@id":"https:\/\/blog.arenaswim.com\/en\/#\/schema\/logo\/image\/"},"sameAs":["http:\/\/instagram.com\/arenawaterinstinct","https:\/\/www.pinterest.it\/arenawaterinstinct\/","https:\/\/www.youtube.com\/arenapeople","https:\/\/www.facebook.com\/arenawaterinstinct\/","https:\/\/twitter.com\/arenapeople"]},{"@type":"Person","@id":"https:\/\/blog.arenaswim.com\/en\/#\/schema\/person\/6ca25b3a59723796d774641b00c169f6","name":"Arena","image":{"@type":"ImageObject","inLanguage":"it-IT","@id":"https:\/\/blog.arenaswim.com\/en\/#\/schema\/person\/image\/","url":"https:\/\/secure.gravatar.com\/avatar\/01f3bfaa4066977c68fe01c528d2b090?s=96&d=mm&r=g","contentUrl":"https:\/\/secure.gravatar.com\/avatar\/01f3bfaa4066977c68fe01c528d2b090?s=96&d=mm&r=g","caption":"Arena"},"url":"https:\/\/blog.arenaswim.com\/it\/author\/arena\/"}]}},"amp_enabled":true,"_links":{"self":[{"href":"https:\/\/blog.arenaswim.com\/it\/wp-json\/wp\/v2\/posts\/70296"}],"collection":[{"href":"https:\/\/blog.arenaswim.com\/it\/wp-json\/wp\/v2\/posts"}],"about":[{"href":"https:\/\/blog.arenaswim.com\/it\/wp-json\/wp\/v2\/types\/post"}],"author":[{"embeddable":true,"href":"https:\/\/blog.arenaswim.com\/it\/wp-json\/wp\/v2\/users\/1310"}],"replies":[{"embeddable":true,"href":"https:\/\/blog.arenaswim.com\/it\/wp-json\/wp\/v2\/comments?post=70296"}],"version-history":[{"count":0,"href":"https:\/\/blog.arenaswim.com\/it\/wp-json\/wp\/v2\/posts\/70296\/revisions"}],"wp:featuredmedia":[{"embeddable":true,"href":"https:\/\/blog.arenaswim.com\/it\/wp-json\/wp\/v2\/media\/10172"}],"wp:attachment":[{"href":"https:\/\/blog.arenaswim.com\/it\/wp-json\/wp\/v2\/media?parent=70296"}],"wp:term":[{"taxonomy":"category","embeddable":true,"href":"https:\/\/blog.arenaswim.com\/it\/wp-json\/wp\/v2\/categories?post=70296"},{"taxonomy":"post_tag","embeddable":true,"href":"https:\/\/blog.arenaswim.com\/it\/wp-json\/wp\/v2\/tags?post=70296"}],"curies":[{"name":"wp","href":"https:\/\/api.w.org\/{rel}","templated":true}]}}