{"id":70366,"date":"2014-12-22T00:00:00","date_gmt":"2014-12-22T00:00:00","guid":{"rendered":"https:\/\/blog.arenaswim.com\/non-categorizzato\/scopriamo-giovanni-izzo-atleta-della-categoria-ragazzi-di-arena-swim-best\/"},"modified":"2014-12-22T00:00:00","modified_gmt":"2014-12-22T00:00:00","slug":"scopriamo-giovanni-izzo-atleta-della-categoria-ragazzi-di-arena-swim-best","status":"publish","type":"post","link":"https:\/\/blog.arenaswim.com\/it\/swim-your-best\/scopriamo-giovanni-izzo-atleta-della-categoria-ragazzi-di-arena-swim-best\/","title":{"rendered":"Conosciamo meglio Giovanni Izzo, atleta della categoria ragazzi di Arena Swim Your Best!"},"content":{"rendered":"<p><strong>Giovanni Izzo \u00e8 nato l\u20191\/01\/1098 a Bologna dove vive.<\/strong><\/p>\n<p><strong>Allenatore:<\/strong> Chiara Galeno<br \/>\n<strong>Societ\u00e0:<\/strong> Imola Nuoto<\/p>\n<p>\u00a0<\/p>\n<p><strong>Walter Bolognani, tecnico responsabile Nazionali giovanili, dice di lui<\/strong><strong>:<\/strong><\/p>\n<p><em>\u201c<em>\u00c8 <\/em> un nuotatore molto versatile. Anche se con i suoi 176 centimetri per il nuoto non \u00e8 alto, ha una enorme capacit\u00e0 di concentrazione e di mantenersi calmo in vista di un impegno importante, questo grazie ad un carattere pacato e allo yoga, pratica che gli regala una grande percezione di se stesso quando \u00e8 in acqua\u201d.<\/em><\/p>\n<p>\u00a0<\/p>\n<p><strong>Segni particolari:<\/strong><br \/>\n&#8211; odiava l\u2019acqua<br \/>\n&#8211; nuotatore ecclettico (fa pi\u00f9 specialit\u00e0)<br \/>\n&#8211; appassionato di musica, ha sempre le cuffie anche in riscaldamento<\/p>\n<p>\u00a0<\/p>\n<p><strong>Sei nato a Capodanno. Festeggi in modo particolare il compleanno? <\/strong><\/p>\n<p><em>In un certo senso festeggio doppiamente e soprattutto posso dire che tutti i fuochi d\u2019artificio sono per me.<\/em><\/p>\n<p>\u00a0<\/p>\n<p><strong>Aver fatto la primina ti ha agevolato negli studi, guadagnando un anno. Anche nel nuoto ti ha aiutato?<\/strong><\/p>\n<p><strong><br \/>\n<\/strong><em>Spero in effetti che in futuro mi possa servire, nella vita, aver fatto la primina. Ora sono gi\u00e0 al quarto anno di istituto tecnico di automazione ed elettrotecnica. Nel nuoto un po\u2019 mi ha aiutato, soprattutto da molto giovane.<\/em><\/p>\n<p><strong>\u00a0<\/strong><\/p>\n<p><strong>Quando hai iniziato a nuotare? <\/strong><\/p>\n<p><em>Mia madre mi ha letteralmente buttato in acqua a 3 anni; io mi lamentavo perch\u00e9 odiavo l\u2019acqua: non sopportavo bagnarmi e l\u2019acqua mi sembrava sempre fredda. Ora, invece, \u00e8 amore.<\/em><\/p>\n<p>\u00a0<\/p>\n<p><strong>A leggere il tuo medagliere, sei un atleta poliedrico? <\/strong><\/p>\n<p><em>S\u00ec, mi piace variare, perch\u00e9 rigetto la monotonia, in tutte le cose, quindi anche nel nuoto mi cimento su pi\u00f9 specialit\u00e0. Voglio essere competitivo su pi\u00f9 fronti.<\/em><\/p>\n<p>\u00a0<\/p>\n<p><strong>Ti si vede sempre con le cuffie nelle orecchie durante il riscaldamento fuori dall\u2019acqua. Cosa ascolti? <\/strong><\/p>\n<p><em>Eminem. Mi piace la musica, ma lui in particolare. Lo ascolto da tanti anni perch\u00e9 ha dei testi che mi fanno riflettere e mi caricano: le sue parole mi entrano nelle orecchie e nelle ossa, sono pura energia per raggiungere l\u2019obiettivo. Eminem infatti parla dei sacrifici che ha fatto nella vita per emergere.<\/em><\/p>\n","protected":false},"excerpt":{"rendered":"<p>Giovanni Izzo \u00e8 nato l\u20191\/01\/1098 a Bologna dove vive. Allenatore: Chiara Galeno Societ\u00e0: Imola Nuoto \u00a0 Walter Bolognani, tecnico responsabile Nazionali giovanili, dice di lui: \u201c\u00c8 un nuotatore molto versatile. &hellip;<\/p>\n","protected":false},"author":1310,"featured_media":10620,"comment_status":"open","ping_status":"open","sticky":false,"template":"","format":"standard","meta":[],"categories":[10086],"tags":[],"acf":[],"yoast_head":"<!-- This site is optimized with the Yoast SEO plugin v19.14 - https:\/\/yoast.com\/wordpress\/plugins\/seo\/ -->\n<title>Scopriamo Giovanni Izzo, atleta di Arena Swim Your Best!<\/title>\n<meta name=\"description\" content=\"Leggi l&#039;intervista a Giovanni Izzo, atleta della categoria ragazzi di Arena Swim Your Best!\" \/>\n<meta name=\"robots\" content=\"index, follow, max-snippet:-1, max-image-preview:large, max-video-preview:-1\" \/>\n<link rel=\"canonical\" href=\"https:\/\/blog.arenaswim.com\/it\/swim-your-best\/scopriamo-giovanni-izzo-atleta-della-categoria-ragazzi-di-arena-swim-best\/\" \/>\n<meta property=\"og:locale\" content=\"it_IT\" \/>\n<meta property=\"og:type\" content=\"article\" \/>\n<meta property=\"og:title\" content=\"Scopriamo Giovanni Izzo, atleta di Arena Swim Your Best!\" \/>\n<meta property=\"og:description\" content=\"Leggi l&#039;intervista a Giovanni Izzo, atleta della categoria ragazzi di Arena Swim Your Best!\" \/>\n<meta property=\"og:url\" content=\"https:\/\/blog.arenaswim.com\/it\/swim-your-best\/scopriamo-giovanni-izzo-atleta-della-categoria-ragazzi-di-arena-swim-best\/\" \/>\n<meta property=\"og:site_name\" content=\"arena swim blog\" \/>\n<meta property=\"article:publisher\" content=\"https:\/\/www.facebook.com\/arenawaterinstinct\/\" \/>\n<meta property=\"article:published_time\" content=\"2014-12-22T00:00:00+00:00\" \/>\n<meta property=\"og:image\" content=\"https:\/\/blog.arenaswim.com\/wp-content\/uploads\/2019\/06\/giovanni-izzo-passione.jpg\" \/>\n\t<meta property=\"og:image:width\" content=\"800\" \/>\n\t<meta property=\"og:image:height\" content=\"600\" \/>\n\t<meta property=\"og:image:type\" content=\"image\/jpeg\" \/>\n<meta name=\"author\" content=\"Arena\" \/>\n<meta name=\"twitter:card\" content=\"summary_large_image\" \/>\n<meta name=\"twitter:creator\" content=\"@arenapeople\" \/>\n<meta name=\"twitter:site\" content=\"@arenapeople\" \/>\n<meta name=\"twitter:label1\" content=\"Scritto da\" \/>\n\t<meta name=\"twitter:data1\" content=\"Arena\" \/>\n\t<meta name=\"twitter:label2\" content=\"Tempo di lettura stimato\" \/>\n\t<meta name=\"twitter:data2\" content=\"2 minuti\" \/>\n<script type=\"application\/ld+json\" class=\"yoast-schema-graph\">{\"@context\":\"https:\/\/schema.org\",\"@graph\":[{\"@type\":\"Article\",\"@id\":\"https:\/\/blog.arenaswim.com\/it\/swim-your-best\/scopriamo-giovanni-izzo-atleta-della-categoria-ragazzi-di-arena-swim-best\/#article\",\"isPartOf\":{\"@id\":\"https:\/\/blog.arenaswim.com\/it\/swim-your-best\/scopriamo-giovanni-izzo-atleta-della-categoria-ragazzi-di-arena-swim-best\/\"},\"author\":{\"name\":\"Arena\",\"@id\":\"https:\/\/blog.arenaswim.com\/en\/#\/schema\/person\/6ca25b3a59723796d774641b00c169f6\"},\"headline\":\"Conosciamo meglio Giovanni Izzo, atleta della categoria ragazzi di Arena Swim Your Best!\",\"datePublished\":\"2014-12-22T00:00:00+00:00\",\"dateModified\":\"2014-12-22T00:00:00+00:00\",\"mainEntityOfPage\":{\"@id\":\"https:\/\/blog.arenaswim.com\/it\/swim-your-best\/scopriamo-giovanni-izzo-atleta-della-categoria-ragazzi-di-arena-swim-best\/\"},\"wordCount\":340,\"commentCount\":0,\"publisher\":{\"@id\":\"https:\/\/blog.arenaswim.com\/en\/#organization\"},\"articleSection\":[\"Swim your best\"],\"inLanguage\":\"it-IT\"},{\"@type\":\"WebPage\",\"@id\":\"https:\/\/blog.arenaswim.com\/it\/swim-your-best\/scopriamo-giovanni-izzo-atleta-della-categoria-ragazzi-di-arena-swim-best\/\",\"url\":\"https:\/\/blog.arenaswim.com\/it\/swim-your-best\/scopriamo-giovanni-izzo-atleta-della-categoria-ragazzi-di-arena-swim-best\/\",\"name\":\"Scopriamo Giovanni Izzo, atleta di Arena Swim Your Best!\",\"isPartOf\":{\"@id\":\"https:\/\/blog.arenaswim.com\/en\/#website\"},\"datePublished\":\"2014-12-22T00:00:00+00:00\",\"dateModified\":\"2014-12-22T00:00:00+00:00\",\"description\":\"Leggi l'intervista a Giovanni Izzo, atleta della categoria ragazzi di Arena Swim Your Best!\",\"breadcrumb\":{\"@id\":\"https:\/\/blog.arenaswim.com\/it\/swim-your-best\/scopriamo-giovanni-izzo-atleta-della-categoria-ragazzi-di-arena-swim-best\/#breadcrumb\"},\"inLanguage\":\"it-IT\",\"potentialAction\":[{\"@type\":\"ReadAction\",\"target\":[\"https:\/\/blog.arenaswim.com\/it\/swim-your-best\/scopriamo-giovanni-izzo-atleta-della-categoria-ragazzi-di-arena-swim-best\/\"]}]},{\"@type\":\"BreadcrumbList\",\"@id\":\"https:\/\/blog.arenaswim.com\/it\/swim-your-best\/scopriamo-giovanni-izzo-atleta-della-categoria-ragazzi-di-arena-swim-best\/#breadcrumb\",\"itemListElement\":[{\"@type\":\"ListItem\",\"position\":1,\"name\":\"Home\",\"item\":\"https:\/\/blog.arenaswim.com\/en\/\"},{\"@type\":\"ListItem\",\"position\":2,\"name\":\"Swim your best\",\"item\":\"https:\/\/blog.arenaswim.com\/it\/swim-your-best\/\"},{\"@type\":\"ListItem\",\"position\":3,\"name\":\"Conosciamo meglio Giovanni Izzo, atleta della categoria ragazzi di Arena Swim Your Best!\"}]},{\"@type\":\"WebSite\",\"@id\":\"https:\/\/blog.arenaswim.com\/en\/#website\",\"url\":\"https:\/\/blog.arenaswim.com\/en\/\",\"name\":\"arena swim blog\",\"description\":\"\",\"publisher\":{\"@id\":\"https:\/\/blog.arenaswim.com\/en\/#organization\"},\"potentialAction\":[{\"@type\":\"SearchAction\",\"target\":{\"@type\":\"EntryPoint\",\"urlTemplate\":\"https:\/\/blog.arenaswim.com\/en\/?s={search_term_string}\"},\"query-input\":\"required name=search_term_string\"}],\"inLanguage\":\"it-IT\"},{\"@type\":\"Organization\",\"@id\":\"https:\/\/blog.arenaswim.com\/en\/#organization\",\"name\":\"arena\",\"url\":\"https:\/\/blog.arenaswim.com\/en\/\",\"logo\":{\"@type\":\"ImageObject\",\"inLanguage\":\"it-IT\",\"@id\":\"https:\/\/blog.arenaswim.com\/en\/#\/schema\/logo\/image\/\",\"url\":\"https:\/\/blog.arenaswim.com\/wp-content\/uploads\/2019\/07\/LOGO-ARENA-VERTICAL-POSITIVE.png\",\"contentUrl\":\"https:\/\/blog.arenaswim.com\/wp-content\/uploads\/2019\/07\/LOGO-ARENA-VERTICAL-POSITIVE.png\",\"width\":380,\"height\":268,\"caption\":\"arena\"},\"image\":{\"@id\":\"https:\/\/blog.arenaswim.com\/en\/#\/schema\/logo\/image\/\"},\"sameAs\":[\"http:\/\/instagram.com\/arenawaterinstinct\",\"https:\/\/www.pinterest.it\/arenawaterinstinct\/\",\"https:\/\/www.youtube.com\/arenapeople\",\"https:\/\/www.facebook.com\/arenawaterinstinct\/\",\"https:\/\/twitter.com\/arenapeople\"]},{\"@type\":\"Person\",\"@id\":\"https:\/\/blog.arenaswim.com\/en\/#\/schema\/person\/6ca25b3a59723796d774641b00c169f6\",\"name\":\"Arena\",\"image\":{\"@type\":\"ImageObject\",\"inLanguage\":\"it-IT\",\"@id\":\"https:\/\/blog.arenaswim.com\/en\/#\/schema\/person\/image\/\",\"url\":\"https:\/\/secure.gravatar.com\/avatar\/01f3bfaa4066977c68fe01c528d2b090?s=96&d=mm&r=g\",\"contentUrl\":\"https:\/\/secure.gravatar.com\/avatar\/01f3bfaa4066977c68fe01c528d2b090?s=96&d=mm&r=g\",\"caption\":\"Arena\"},\"url\":\"https:\/\/blog.arenaswim.com\/it\/author\/arena\/\"}]}<\/script>\n<!-- \/ Yoast SEO plugin. -->","yoast_head_json":{"title":"Scopriamo Giovanni Izzo, atleta di Arena Swim Your Best!","description":"Leggi l'intervista a Giovanni Izzo, atleta della categoria ragazzi di Arena Swim Your Best!","robots":{"index":"index","follow":"follow","max-snippet":"max-snippet:-1","max-image-preview":"max-image-preview:large","max-video-preview":"max-video-preview:-1"},"canonical":"https:\/\/blog.arenaswim.com\/it\/swim-your-best\/scopriamo-giovanni-izzo-atleta-della-categoria-ragazzi-di-arena-swim-best\/","og_locale":"it_IT","og_type":"article","og_title":"Scopriamo Giovanni Izzo, atleta di Arena Swim Your Best!","og_description":"Leggi l'intervista a Giovanni Izzo, atleta della categoria ragazzi di Arena Swim Your Best!","og_url":"https:\/\/blog.arenaswim.com\/it\/swim-your-best\/scopriamo-giovanni-izzo-atleta-della-categoria-ragazzi-di-arena-swim-best\/","og_site_name":"arena swim blog","article_publisher":"https:\/\/www.facebook.com\/arenawaterinstinct\/","article_published_time":"2014-12-22T00:00:00+00:00","og_image":[{"width":800,"height":600,"url":"https:\/\/blog.arenaswim.com\/wp-content\/uploads\/2019\/06\/giovanni-izzo-passione.jpg","type":"image\/jpeg"}],"author":"Arena","twitter_card":"summary_large_image","twitter_creator":"@arenapeople","twitter_site":"@arenapeople","twitter_misc":{"Scritto da":"Arena","Tempo di lettura stimato":"2 minuti"},"schema":{"@context":"https:\/\/schema.org","@graph":[{"@type":"Article","@id":"https:\/\/blog.arenaswim.com\/it\/swim-your-best\/scopriamo-giovanni-izzo-atleta-della-categoria-ragazzi-di-arena-swim-best\/#article","isPartOf":{"@id":"https:\/\/blog.arenaswim.com\/it\/swim-your-best\/scopriamo-giovanni-izzo-atleta-della-categoria-ragazzi-di-arena-swim-best\/"},"author":{"name":"Arena","@id":"https:\/\/blog.arenaswim.com\/en\/#\/schema\/person\/6ca25b3a59723796d774641b00c169f6"},"headline":"Conosciamo meglio Giovanni Izzo, atleta della categoria ragazzi di Arena Swim Your Best!","datePublished":"2014-12-22T00:00:00+00:00","dateModified":"2014-12-22T00:00:00+00:00","mainEntityOfPage":{"@id":"https:\/\/blog.arenaswim.com\/it\/swim-your-best\/scopriamo-giovanni-izzo-atleta-della-categoria-ragazzi-di-arena-swim-best\/"},"wordCount":340,"commentCount":0,"publisher":{"@id":"https:\/\/blog.arenaswim.com\/en\/#organization"},"articleSection":["Swim your best"],"inLanguage":"it-IT"},{"@type":"WebPage","@id":"https:\/\/blog.arenaswim.com\/it\/swim-your-best\/scopriamo-giovanni-izzo-atleta-della-categoria-ragazzi-di-arena-swim-best\/","url":"https:\/\/blog.arenaswim.com\/it\/swim-your-best\/scopriamo-giovanni-izzo-atleta-della-categoria-ragazzi-di-arena-swim-best\/","name":"Scopriamo Giovanni Izzo, atleta di Arena Swim Your Best!","isPartOf":{"@id":"https:\/\/blog.arenaswim.com\/en\/#website"},"datePublished":"2014-12-22T00:00:00+00:00","dateModified":"2014-12-22T00:00:00+00:00","description":"Leggi l'intervista a Giovanni Izzo, atleta della categoria ragazzi di Arena Swim Your Best!","breadcrumb":{"@id":"https:\/\/blog.arenaswim.com\/it\/swim-your-best\/scopriamo-giovanni-izzo-atleta-della-categoria-ragazzi-di-arena-swim-best\/#breadcrumb"},"inLanguage":"it-IT","potentialAction":[{"@type":"ReadAction","target":["https:\/\/blog.arenaswim.com\/it\/swim-your-best\/scopriamo-giovanni-izzo-atleta-della-categoria-ragazzi-di-arena-swim-best\/"]}]},{"@type":"BreadcrumbList","@id":"https:\/\/blog.arenaswim.com\/it\/swim-your-best\/scopriamo-giovanni-izzo-atleta-della-categoria-ragazzi-di-arena-swim-best\/#breadcrumb","itemListElement":[{"@type":"ListItem","position":1,"name":"Home","item":"https:\/\/blog.arenaswim.com\/en\/"},{"@type":"ListItem","position":2,"name":"Swim your best","item":"https:\/\/blog.arenaswim.com\/it\/swim-your-best\/"},{"@type":"ListItem","position":3,"name":"Conosciamo meglio Giovanni Izzo, atleta della categoria ragazzi di Arena Swim Your Best!"}]},{"@type":"WebSite","@id":"https:\/\/blog.arenaswim.com\/en\/#website","url":"https:\/\/blog.arenaswim.com\/en\/","name":"arena swim blog","description":"","publisher":{"@id":"https:\/\/blog.arenaswim.com\/en\/#organization"},"potentialAction":[{"@type":"SearchAction","target":{"@type":"EntryPoint","urlTemplate":"https:\/\/blog.arenaswim.com\/en\/?s={search_term_string}"},"query-input":"required name=search_term_string"}],"inLanguage":"it-IT"},{"@type":"Organization","@id":"https:\/\/blog.arenaswim.com\/en\/#organization","name":"arena","url":"https:\/\/blog.arenaswim.com\/en\/","logo":{"@type":"ImageObject","inLanguage":"it-IT","@id":"https:\/\/blog.arenaswim.com\/en\/#\/schema\/logo\/image\/","url":"https:\/\/blog.arenaswim.com\/wp-content\/uploads\/2019\/07\/LOGO-ARENA-VERTICAL-POSITIVE.png","contentUrl":"https:\/\/blog.arenaswim.com\/wp-content\/uploads\/2019\/07\/LOGO-ARENA-VERTICAL-POSITIVE.png","width":380,"height":268,"caption":"arena"},"image":{"@id":"https:\/\/blog.arenaswim.com\/en\/#\/schema\/logo\/image\/"},"sameAs":["http:\/\/instagram.com\/arenawaterinstinct","https:\/\/www.pinterest.it\/arenawaterinstinct\/","https:\/\/www.youtube.com\/arenapeople","https:\/\/www.facebook.com\/arenawaterinstinct\/","https:\/\/twitter.com\/arenapeople"]},{"@type":"Person","@id":"https:\/\/blog.arenaswim.com\/en\/#\/schema\/person\/6ca25b3a59723796d774641b00c169f6","name":"Arena","image":{"@type":"ImageObject","inLanguage":"it-IT","@id":"https:\/\/blog.arenaswim.com\/en\/#\/schema\/person\/image\/","url":"https:\/\/secure.gravatar.com\/avatar\/01f3bfaa4066977c68fe01c528d2b090?s=96&d=mm&r=g","contentUrl":"https:\/\/secure.gravatar.com\/avatar\/01f3bfaa4066977c68fe01c528d2b090?s=96&d=mm&r=g","caption":"Arena"},"url":"https:\/\/blog.arenaswim.com\/it\/author\/arena\/"}]}},"amp_enabled":true,"_links":{"self":[{"href":"https:\/\/blog.arenaswim.com\/it\/wp-json\/wp\/v2\/posts\/70366"}],"collection":[{"href":"https:\/\/blog.arenaswim.com\/it\/wp-json\/wp\/v2\/posts"}],"about":[{"href":"https:\/\/blog.arenaswim.com\/it\/wp-json\/wp\/v2\/types\/post"}],"author":[{"embeddable":true,"href":"https:\/\/blog.arenaswim.com\/it\/wp-json\/wp\/v2\/users\/1310"}],"replies":[{"embeddable":true,"href":"https:\/\/blog.arenaswim.com\/it\/wp-json\/wp\/v2\/comments?post=70366"}],"version-history":[{"count":0,"href":"https:\/\/blog.arenaswim.com\/it\/wp-json\/wp\/v2\/posts\/70366\/revisions"}],"wp:featuredmedia":[{"embeddable":true,"href":"https:\/\/blog.arenaswim.com\/it\/wp-json\/wp\/v2\/media\/10620"}],"wp:attachment":[{"href":"https:\/\/blog.arenaswim.com\/it\/wp-json\/wp\/v2\/media?parent=70366"}],"wp:term":[{"taxonomy":"category","embeddable":true,"href":"https:\/\/blog.arenaswim.com\/it\/wp-json\/wp\/v2\/categories?post=70366"},{"taxonomy":"post_tag","embeddable":true,"href":"https:\/\/blog.arenaswim.com\/it\/wp-json\/wp\/v2\/tags?post=70366"}],"curies":[{"name":"wp","href":"https:\/\/api.w.org\/{rel}","templated":true}]}}