{"id":71044,"date":"2018-11-21T00:00:00","date_gmt":"2018-11-21T00:00:00","guid":{"rendered":"https:\/\/blog.arenaswim.com\/non-categorizzato\/arena-verso-mondiali-di-hangzou-con-il-lancio-di-due-nuove-stelle-del-panorama-del-nuoto-tricolore\/"},"modified":"2018-11-21T00:00:00","modified_gmt":"2018-11-21T00:00:00","slug":"arena-verso-mondiali-di-hangzou-con-il-lancio-di-due-nuove-stelle-del-panorama-del-nuoto-tricolore","status":"publish","type":"post","link":"https:\/\/blog.arenaswim.com\/it\/elite-team\/arena-verso-mondiali-di-hangzou-con-il-lancio-di-due-nuove-stelle-del-panorama-del-nuoto-tricolore\/","title":{"rendered":"arena verso i Mondiali di Hangzou con il lancio di due nuove stelle del panorama del nuoto tricolore"},"content":{"rendered":"<p>Il conto alla rovescia per l&#8217;inizio delle gare di nuoto ai Mondiali in vasca corta di&nbsp; Hangzou (Cina), in programma dall\u201911 al 16 dicembre, \u00e8 iniziato ed arena rinforza il proprio Team di campioni proprio in occasione di questo evento con l\u2019ingresso di&nbsp;due nuovi talenti del panorama del nuoto italiano, <strong>Alessandro Miressi<\/strong>, campione europeo e detentore del record italiano (47\u2019\u201992) nei 100m stile libero e <strong>Margherita Panziera<\/strong>, campionessa europea e detentrice del record italiano (2\u201906\u201d18 ) nei 200m dorso.<\/p>\n<p>arena ha siglato con entrambi gli atleti un contratto di sponsorizzazione tecnica della durata di tre anni e li accompagner\u00e0 nella loro preparazione verso i prossimi appuntamenti natatori con il massimo supporto e il miglior equipaggiamento tecnico.<\/p>\n<p>Miressi e Panziera hanno strappato il pass per gli imminenti Mondiali cinesi gi\u00e0 ad agosto, in occasione dei Campionati Europei che hanno avuto luogo a Glasgow dal 2 al 12. Raggiungendo i gradini pi\u00f9 alti del podio delle loro rispettive gare individuali di punta sono saliti alla ribalta siglando due primati italiani di rilievo e, quasi senza sosta, se non per una breve pausa estiva, hanno proseguito la loro preparazione atletica in vista dei Mondiali in vasca da 25 metri, l\u2019ultimo appuntamento annuale di rilievo internazionale.<\/p>\n<p><img decoding=\"async\" loading=\"lazy\" class=\"alignleft wp-image-80408 size-medium\" src=\"https:\/\/www.arenawaterinstinct.com\/wp-content\/uploads\/2018\/11\/alessandro-Miressi-credit-La-Presse.ph-gian-Mattia-Dalberto-4-450x565.jpg\" alt=\"\" width=\"239\" height=\"300\"><\/p>\n<p><strong>Alessandro Miressi<\/strong> <strong>(GS Fiamme Oro\/CN TORINO) nuotatore torinese, classe 1998, \u00e8 uno dei nuovi volti azzurri della gara regina del nuoto.<\/strong><\/p>\n<p>Dopo essersi fatto notare, a soli 16 anni, nella sua prima convocazione nella Nazionale Giovanile alla Coppa Comen di Netanya 2014, partecipa, l\u2019anno seguente, ai Giochi Europei di Baku, dimostrando subito maggiore esperienza tecnica e padronanza dei movimenti in acqua e riuscendo cos\u00ec ad infilare al collo due medaglie d\u2019argento, rispettivamente nei 100m sl e nella staffetta 4x100m sl. Nello stesso anno partecipa ai Mondiali Juniores di Singapore, dove, oltre ad un bronzo nella staffetta 4X100m sl, riesce ad ottenere il quinto posto nei 100m sl, nonostante fosse di un anno pi\u00f9 piccolo della maggior parte dei suoi avversari. Nel 2016, agli Europei Juniores di Hodmezovasarhely (Ungheria), vince con entusiasmo l\u2019oro nei 100m sl e al contempo fa incetta di medaglie nelle staffette, conquistandone ben 4 (da menzionare, un oro nella 4X100m misti ed uno nella staffetta 4x100m misti mista). Il 2017 \u00e8 l\u2019anno della sua consacrazione nel panorama del nuoto internazionale, riuscendo a strappare un pass per i Mondiali di Budapest e a qualificarsi per la finale della staffetta 4X100m sl (Magnini, Dotto, Vendrame, Miressi). La gara non avr\u00e0 l\u2019epilogo sperato, dato che il quartetto azzurro viene squalificato per cambio irregolare, ma Miressi d\u00e0 ugualmente prova delle sue ottime prestazioni in acqua al suo primo grande appuntamento iridato e continua il suo allenamento con il coach Antonio Satta sulla strada verso le Universiadi di Tapei, dove proprio nella staffetta 4X100m sl riesce a conquistare un argento con i suoi compagni Zazzeri, Vendrame e Di Giorgio. Al termine dell\u2019anno, Alessandro partecipa anche agli Europei in vasca corta di Copenaghen, dove riesce a conquistare un argento nella staffetta 4X50m stile libero con i suoi compagni azzurri Luca Dotto, Lorenzo Zazzeri e Marco Orsi.<\/p>\n<p>I traguardi ottenuti nella staffetta 4X100m sl preannunciano vittorie ben pi\u00f9 grandi: nel 2018, ai Giochi del Mediterraneo di Tarragona, il nuotatore di Moncalieri conquista una strabiliante medaglia d\u2019argento nei 100m sl. Due mesi dopo, agli Europei di Glasgow, vince la finale dei 100m sl toccando la piastra in 48\u201d01, firmando una gara decisamente mozzafiato. Miressi diventa quindi il quinto italiano della storia a vincere il titolo in questa disciplina. Otto giorni dopo, ai Campionati italiani di Categoria, compie un\u2019ulteriore grande impresa e si consacra come il colosso della velocit\u00e0 azzurra: nella gara dei 100m stile libero riesce infatti ad abbattere il muro dei 48 secondi fermando il crono a 47\u201d92 e siglando cosi il nuovo primato nazionale assoluto.<\/p>\n<p><em>&#8220;Sono davvero onorato di poter entrare a far parte del Team arena.\u201d &#8211; <\/em>ha dichiarato <strong>Miressi<\/strong> <em>\u2013 \u201cDue anni fa ho avuto l\u2019opportunit\u00e0 di entrare a far parte della seconda edizione di Swim your best, progetto di talent scout ideato proprio da arena in collaborazione con la Federazione Italiana Nuoto. Quella esperienza mi ha aiutato molto nella crescita professionale ma anche personale e mi ha permesso di apprezzare ancora di pi\u00f9 l\u2019importanza e il ruolo che avr\u00e0 d\u2019ora in avanti arena nel supportare il mio cammino verso nuovi traguardi. L\u2019oro europeo che mi ha portato agli onori della cronaca del nuoto rappresenta per me un sogno nel cassetto che si \u00e8 avverato, ma cercher\u00f2 di rimanere con i piedi per terra, di andare avanti nella preparazione, certo di avere il giusto sostegno\u201d.&nbsp; <\/em><\/p>\n<p><img decoding=\"async\" loading=\"lazy\" class=\"size-medium wp-image-80420 alignleft\" src=\"https:\/\/www.arenawaterinstinct.com\/wp-content\/uploads\/2018\/11\/Margherita-Panziera.credit-La-Presse.ph-gian-Mattia-Dalberto-4-450x565.jpg\" alt=\"\" width=\"239\" height=\"300\"><\/p>\n<p><strong>Margherita Panziera<\/strong> <strong>(GS Fiamme Oro\/CC Aniene) nuotatrice trevigiana, classe 1995, \u00e8 la nuova regina italiana del dorso.<\/strong><\/p>\n<p>All\u2019et\u00e0 di 18 anni, nel 2013, compie la sua prima apparizione internazionale ai Giochi del Mediterraneo di Mersin conquistando un vero e proprio bottino di medaglie: un oro nella staffetta 4X100m misti, un argento nei 200m dorso ed un bronzo nei 100m dorso. L\u2019anno seguente, ai Campionati italiani estivi firma il suo primo titolo italiano assoluto nei 200m dorso. Nel 2015 Margherita mostra un regime atletico ancora un po\u2019 acerbo e non riesce ad esprimere al meglio il suo talento: ai Mondiali di Kazan 2015, sua prima apparizione ad un simile campionato internazionale, arresta la sua corsa nei 100m dorso gi\u00e0 in batteria, mentre nei 200m dorso raggiunge solo le semifinali. A dicembre dello stesso anno, agli Europei in vasca corta di Netanya, gareggia senza ottenere qualificazioni da podio, giungendo comunque alla finale dei 200m dorso e in semifinale nei 100m dorso. Nel 2016 partecipa alle Olimpiadi di Rio de Janeiro, dove, nelle batterie dei 200m dorso, manca per una sola posizione l\u2019accesso alle semifinali giungendo al 17\u00b0 posto.<\/p>\n<p>Il 2017 si rivela come l\u2019anno di avvio della sua ripresa per l\u2019affermazione delle sue grandi doti: grazie ad una maggiore concentrazione e ad una preparazione atletica pi\u00f9 matura e mirata, infatti, Margherita riesce ad ottenere un bronzo nei 200m dorso agli Europei (vc) di Copenaghen, stabilendo il nuovo record italiano in 2&#8217;02&#8243;43.<\/p>\n<p>Nel 2018, ai Giochi del Mediterraneo di Tarragona inizia la sua ascesa iridata vincendo ben 4 medaglie d\u2019oro, pi\u00f9 precisamente, nei 100m dorso, nei 200m dorso, nonch\u00e9 nelle due staffette 4x200m stile libero e 4x100m misti. La giovane nuotatrice, cresciuta anche&nbsp;<strong>professionalmente a Montebelluna,<\/strong> si presenta quindi in gran forma al Trofeo Sette Colli e realizza ben due record italiani con prestazioni di assoluto livello internazionale:&nbsp;<strong>il primo giorno griffa il record dei 100m dorso con un tempo di 59\u201d80<\/strong><strong>, <\/strong>abbassando il suo stesso vecchio crono di oltre due decimi. Margherita diventa cos\u00ec la prima italiana in assoluto a scendere sotto il minuto. Ma \u00e8 nella gara dei 200m dorso che sigla una vittoria epocale, frantumando il record di Alessia Filippi che resisteva dal giugno 2009: Margherita nuota infatti senza tregua in 2\u201907\u201d16, quasi un secondo in meno rispetto al record ottenuto dalla Filippi a Pescara (2\u201908\u201d03) e, con l\u2019occasione, batte anche il record della manifestazione stessa.<\/p>\n<p>Questi risultati non possono che suggellare il salto di grado nella sua carriera, proiettandola di diritto ai vertici del nuoto mondiale: ad agosto, durante i Campionati Europei di Glasgow, conquista il primo importante titolo del suo palmares, laureandosi a pieni titoli campionessa nei 200m dorso e stabilendo il nuovo record dei campionati con il tempo di 2&#8217;06&#8243;18; sua anche una medaglia di bronzo nella staffetta 4x100m misti mista.<\/p>\n<p><em>&nbsp;\u201cSono molto contenta di aver intrapreso una collaborazione con arena e non vedo l&#8217;ora di iniziare questo percorso assieme &#8211;<\/em>afferma <strong>Panziera<\/strong><em>. \u201cCome nuotatrice posso affermare che arena \u00e8 un brand di riferimento eccellente, quanto a professionalit\u00e0, competenza e affidabilit\u00e0. Dopo i successi conseguiti in particolare nel corso di quest\u2019ultimo anno \u00e8 per me motivo di orgoglio essere stata scelta per entrare a far parte di un team dove passione, entusiasmo e tenacia regnano sovrani.<\/em> <em>Sapere di poter contare sul supporto di arena sin dai prossimi Mondiali di Hangzou infonde in me ancora pi\u00f9 sicurezza e fiducia. <\/em><em>Credo che questa scelta possa solo essere un beneficio per la mia carriera\u201d. <\/em><\/p>\n<p><img decoding=\"async\" loading=\"lazy\" class=\"size-medium wp-image-80444 alignleft\" src=\"https:\/\/www.arenawaterinstinct.com\/wp-content\/uploads\/2018\/11\/nicol\u00f2-Martinenghi.credit-La-Presse.ph_.-gian-Mattia-DAlberto-4-450x565.jpg\" alt=\"\" width=\"239\" height=\"300\"><\/p>\n<p>Oltre ad annunciare l\u2019ingresso nella sua scuderia azzurra di due campioni dello stile libero e del dorso, il brand dalle tre losanghe conferma il suo supporto ad un giovane campione di un\u2019altra disciplina del nuoto: arena rinnova infatti il contratto di sponsorizzazione del campione tricolore della rana <strong>Nicol\u00f2 Martinenghi<\/strong>.<\/p>\n<p>Il varesino, classe 1999 (GS Fiamme oro Roma \/ Nuoto Club Brebbia) che vanta all\u2019attivo due ori nei 50m e nei 100m rana conseguiti ai Mondiali Giovanili juniores (Indianapolis 2017), \u00e8 attualmente in procinto di proseguire il suo piano di allenamenti definito di concerto con il suo allenatore Marco Giovanni Pedoja. arena supporter\u00e0 il suo cammino di preparazione per le maggiori competizioni internazionali che si disputeranno da qui al 2021, prime fra tutte i Mondiali 2019 che si svolgeranno a Gwangiu, in Corea del Sud, dal 9 al 25 agosto.<\/p>\n<hr>\n<p>Photo credit: Gian Mattia D&#8217;Alberto\/Lapresse<\/p>\n","protected":false},"excerpt":{"rendered":"<p>Il conto alla rovescia per l&#8217;inizio delle gare di nuoto ai Mondiali in vasca corta di&nbsp; Hangzou (Cina), in programma dall\u201911 al 16 dicembre, \u00e8 iniziato ed arena rinforza il &hellip;<\/p>\n","protected":false},"author":1310,"featured_media":6498,"comment_status":"closed","ping_status":"closed","sticky":false,"template":"","format":"standard","meta":[],"categories":[10068],"tags":[2546,2548,12278],"acf":[],"yoast_head":"<!-- This site is optimized with the Yoast SEO plugin v19.14 - https:\/\/yoast.com\/wordpress\/plugins\/seo\/ -->\n<title>arena verso i Mondiali di Hangzou con il lancio di due nuove stelle del panorama del nuoto tricolore - arena swim blog<\/title>\n<meta name=\"robots\" content=\"index, follow, max-snippet:-1, max-image-preview:large, max-video-preview:-1\" \/>\n<link rel=\"canonical\" href=\"https:\/\/blog.arenaswim.com\/it\/elite-team\/arena-verso-mondiali-di-hangzou-con-il-lancio-di-due-nuove-stelle-del-panorama-del-nuoto-tricolore\/\" \/>\n<meta property=\"og:locale\" content=\"it_IT\" \/>\n<meta property=\"og:type\" content=\"article\" \/>\n<meta property=\"og:title\" content=\"arena verso i Mondiali di Hangzou con il lancio di due nuove stelle del panorama del nuoto tricolore - arena swim blog\" \/>\n<meta property=\"og:description\" content=\"Il conto alla rovescia per l&#8217;inizio delle gare di nuoto ai Mondiali in vasca corta di&nbsp; Hangzou (Cina), in programma dall\u201911 al 16 dicembre, \u00e8 iniziato ed arena rinforza il &hellip;\" \/>\n<meta property=\"og:url\" content=\"https:\/\/blog.arenaswim.com\/it\/elite-team\/arena-verso-mondiali-di-hangzou-con-il-lancio-di-due-nuove-stelle-del-panorama-del-nuoto-tricolore\/\" \/>\n<meta property=\"og:site_name\" content=\"arena swim blog\" \/>\n<meta property=\"article:publisher\" content=\"https:\/\/www.facebook.com\/arenawaterinstinct\/\" \/>\n<meta property=\"article:published_time\" content=\"2018-11-21T00:00:00+00:00\" \/>\n<meta property=\"og:image\" content=\"https:\/\/blog.arenaswim.com\/wp-content\/uploads\/2019\/06\/Margherita-Panziera.credit-La-Presse.ph-gian-Mattia-Dalberto_OK.jpg\" \/>\n\t<meta property=\"og:image:width\" content=\"800\" \/>\n\t<meta property=\"og:image:height\" content=\"418\" \/>\n\t<meta property=\"og:image:type\" content=\"image\/jpeg\" \/>\n<meta name=\"author\" content=\"Arena\" \/>\n<meta name=\"twitter:card\" content=\"summary_large_image\" \/>\n<meta name=\"twitter:creator\" content=\"@arenapeople\" \/>\n<meta name=\"twitter:site\" content=\"@arenapeople\" \/>\n<meta name=\"twitter:label1\" content=\"Scritto da\" \/>\n\t<meta name=\"twitter:data1\" content=\"Arena\" \/>\n\t<meta name=\"twitter:label2\" content=\"Tempo di lettura stimato\" \/>\n\t<meta name=\"twitter:data2\" content=\"7 minuti\" \/>\n<script type=\"application\/ld+json\" class=\"yoast-schema-graph\">{\"@context\":\"https:\/\/schema.org\",\"@graph\":[{\"@type\":\"Article\",\"@id\":\"https:\/\/blog.arenaswim.com\/it\/elite-team\/arena-verso-mondiali-di-hangzou-con-il-lancio-di-due-nuove-stelle-del-panorama-del-nuoto-tricolore\/#article\",\"isPartOf\":{\"@id\":\"https:\/\/blog.arenaswim.com\/it\/elite-team\/arena-verso-mondiali-di-hangzou-con-il-lancio-di-due-nuove-stelle-del-panorama-del-nuoto-tricolore\/\"},\"author\":{\"name\":\"Arena\",\"@id\":\"https:\/\/blog.arenaswim.com\/en\/#\/schema\/person\/6ca25b3a59723796d774641b00c169f6\"},\"headline\":\"arena verso i Mondiali di Hangzou con il lancio di due nuove stelle del panorama del nuoto tricolore\",\"datePublished\":\"2018-11-21T00:00:00+00:00\",\"dateModified\":\"2018-11-21T00:00:00+00:00\",\"mainEntityOfPage\":{\"@id\":\"https:\/\/blog.arenaswim.com\/it\/elite-team\/arena-verso-mondiali-di-hangzou-con-il-lancio-di-due-nuove-stelle-del-panorama-del-nuoto-tricolore\/\"},\"wordCount\":1490,\"publisher\":{\"@id\":\"https:\/\/blog.arenaswim.com\/en\/#organization\"},\"keywords\":[\"alessandro miressi\",\"margherita panziera\",\"nicol\u00f2 martinenghi\"],\"articleSection\":[\"Elite Team\"],\"inLanguage\":\"it-IT\"},{\"@type\":\"WebPage\",\"@id\":\"https:\/\/blog.arenaswim.com\/it\/elite-team\/arena-verso-mondiali-di-hangzou-con-il-lancio-di-due-nuove-stelle-del-panorama-del-nuoto-tricolore\/\",\"url\":\"https:\/\/blog.arenaswim.com\/it\/elite-team\/arena-verso-mondiali-di-hangzou-con-il-lancio-di-due-nuove-stelle-del-panorama-del-nuoto-tricolore\/\",\"name\":\"arena verso i Mondiali di Hangzou con il lancio di due nuove stelle del panorama del nuoto tricolore - arena swim blog\",\"isPartOf\":{\"@id\":\"https:\/\/blog.arenaswim.com\/en\/#website\"},\"datePublished\":\"2018-11-21T00:00:00+00:00\",\"dateModified\":\"2018-11-21T00:00:00+00:00\",\"breadcrumb\":{\"@id\":\"https:\/\/blog.arenaswim.com\/it\/elite-team\/arena-verso-mondiali-di-hangzou-con-il-lancio-di-due-nuove-stelle-del-panorama-del-nuoto-tricolore\/#breadcrumb\"},\"inLanguage\":\"it-IT\",\"potentialAction\":[{\"@type\":\"ReadAction\",\"target\":[\"https:\/\/blog.arenaswim.com\/it\/elite-team\/arena-verso-mondiali-di-hangzou-con-il-lancio-di-due-nuove-stelle-del-panorama-del-nuoto-tricolore\/\"]}]},{\"@type\":\"BreadcrumbList\",\"@id\":\"https:\/\/blog.arenaswim.com\/it\/elite-team\/arena-verso-mondiali-di-hangzou-con-il-lancio-di-due-nuove-stelle-del-panorama-del-nuoto-tricolore\/#breadcrumb\",\"itemListElement\":[{\"@type\":\"ListItem\",\"position\":1,\"name\":\"Home\",\"item\":\"https:\/\/blog.arenaswim.com\/en\/\"},{\"@type\":\"ListItem\",\"position\":2,\"name\":\"Elite Team\",\"item\":\"https:\/\/blog.arenaswim.com\/en\/elite-team\/\"},{\"@type\":\"ListItem\",\"position\":3,\"name\":\"arena verso i Mondiali di Hangzou con il lancio di due nuove stelle del panorama del nuoto tricolore\"}]},{\"@type\":\"WebSite\",\"@id\":\"https:\/\/blog.arenaswim.com\/en\/#website\",\"url\":\"https:\/\/blog.arenaswim.com\/en\/\",\"name\":\"arena swim blog\",\"description\":\"\",\"publisher\":{\"@id\":\"https:\/\/blog.arenaswim.com\/en\/#organization\"},\"potentialAction\":[{\"@type\":\"SearchAction\",\"target\":{\"@type\":\"EntryPoint\",\"urlTemplate\":\"https:\/\/blog.arenaswim.com\/en\/?s={search_term_string}\"},\"query-input\":\"required name=search_term_string\"}],\"inLanguage\":\"it-IT\"},{\"@type\":\"Organization\",\"@id\":\"https:\/\/blog.arenaswim.com\/en\/#organization\",\"name\":\"arena\",\"url\":\"https:\/\/blog.arenaswim.com\/en\/\",\"logo\":{\"@type\":\"ImageObject\",\"inLanguage\":\"it-IT\",\"@id\":\"https:\/\/blog.arenaswim.com\/en\/#\/schema\/logo\/image\/\",\"url\":\"https:\/\/blog.arenaswim.com\/wp-content\/uploads\/2019\/07\/LOGO-ARENA-VERTICAL-POSITIVE.png\",\"contentUrl\":\"https:\/\/blog.arenaswim.com\/wp-content\/uploads\/2019\/07\/LOGO-ARENA-VERTICAL-POSITIVE.png\",\"width\":380,\"height\":268,\"caption\":\"arena\"},\"image\":{\"@id\":\"https:\/\/blog.arenaswim.com\/en\/#\/schema\/logo\/image\/\"},\"sameAs\":[\"http:\/\/instagram.com\/arenawaterinstinct\",\"https:\/\/www.pinterest.it\/arenawaterinstinct\/\",\"https:\/\/www.youtube.com\/arenapeople\",\"https:\/\/www.facebook.com\/arenawaterinstinct\/\",\"https:\/\/twitter.com\/arenapeople\"]},{\"@type\":\"Person\",\"@id\":\"https:\/\/blog.arenaswim.com\/en\/#\/schema\/person\/6ca25b3a59723796d774641b00c169f6\",\"name\":\"Arena\",\"image\":{\"@type\":\"ImageObject\",\"inLanguage\":\"it-IT\",\"@id\":\"https:\/\/blog.arenaswim.com\/en\/#\/schema\/person\/image\/\",\"url\":\"https:\/\/secure.gravatar.com\/avatar\/01f3bfaa4066977c68fe01c528d2b090?s=96&d=mm&r=g\",\"contentUrl\":\"https:\/\/secure.gravatar.com\/avatar\/01f3bfaa4066977c68fe01c528d2b090?s=96&d=mm&r=g\",\"caption\":\"Arena\"},\"url\":\"https:\/\/blog.arenaswim.com\/it\/author\/arena\/\"}]}<\/script>\n<!-- \/ Yoast SEO plugin. -->","yoast_head_json":{"title":"arena verso i Mondiali di Hangzou con il lancio di due nuove stelle del panorama del nuoto tricolore - arena swim blog","robots":{"index":"index","follow":"follow","max-snippet":"max-snippet:-1","max-image-preview":"max-image-preview:large","max-video-preview":"max-video-preview:-1"},"canonical":"https:\/\/blog.arenaswim.com\/it\/elite-team\/arena-verso-mondiali-di-hangzou-con-il-lancio-di-due-nuove-stelle-del-panorama-del-nuoto-tricolore\/","og_locale":"it_IT","og_type":"article","og_title":"arena verso i Mondiali di Hangzou con il lancio di due nuove stelle del panorama del nuoto tricolore - arena swim blog","og_description":"Il conto alla rovescia per l&#8217;inizio delle gare di nuoto ai Mondiali in vasca corta di&nbsp; Hangzou (Cina), in programma dall\u201911 al 16 dicembre, \u00e8 iniziato ed arena rinforza il &hellip;","og_url":"https:\/\/blog.arenaswim.com\/it\/elite-team\/arena-verso-mondiali-di-hangzou-con-il-lancio-di-due-nuove-stelle-del-panorama-del-nuoto-tricolore\/","og_site_name":"arena swim blog","article_publisher":"https:\/\/www.facebook.com\/arenawaterinstinct\/","article_published_time":"2018-11-21T00:00:00+00:00","og_image":[{"width":800,"height":418,"url":"https:\/\/blog.arenaswim.com\/wp-content\/uploads\/2019\/06\/Margherita-Panziera.credit-La-Presse.ph-gian-Mattia-Dalberto_OK.jpg","type":"image\/jpeg"}],"author":"Arena","twitter_card":"summary_large_image","twitter_creator":"@arenapeople","twitter_site":"@arenapeople","twitter_misc":{"Scritto da":"Arena","Tempo di lettura stimato":"7 minuti"},"schema":{"@context":"https:\/\/schema.org","@graph":[{"@type":"Article","@id":"https:\/\/blog.arenaswim.com\/it\/elite-team\/arena-verso-mondiali-di-hangzou-con-il-lancio-di-due-nuove-stelle-del-panorama-del-nuoto-tricolore\/#article","isPartOf":{"@id":"https:\/\/blog.arenaswim.com\/it\/elite-team\/arena-verso-mondiali-di-hangzou-con-il-lancio-di-due-nuove-stelle-del-panorama-del-nuoto-tricolore\/"},"author":{"name":"Arena","@id":"https:\/\/blog.arenaswim.com\/en\/#\/schema\/person\/6ca25b3a59723796d774641b00c169f6"},"headline":"arena verso i Mondiali di Hangzou con il lancio di due nuove stelle del panorama del nuoto tricolore","datePublished":"2018-11-21T00:00:00+00:00","dateModified":"2018-11-21T00:00:00+00:00","mainEntityOfPage":{"@id":"https:\/\/blog.arenaswim.com\/it\/elite-team\/arena-verso-mondiali-di-hangzou-con-il-lancio-di-due-nuove-stelle-del-panorama-del-nuoto-tricolore\/"},"wordCount":1490,"publisher":{"@id":"https:\/\/blog.arenaswim.com\/en\/#organization"},"keywords":["alessandro miressi","margherita panziera","nicol\u00f2 martinenghi"],"articleSection":["Elite Team"],"inLanguage":"it-IT"},{"@type":"WebPage","@id":"https:\/\/blog.arenaswim.com\/it\/elite-team\/arena-verso-mondiali-di-hangzou-con-il-lancio-di-due-nuove-stelle-del-panorama-del-nuoto-tricolore\/","url":"https:\/\/blog.arenaswim.com\/it\/elite-team\/arena-verso-mondiali-di-hangzou-con-il-lancio-di-due-nuove-stelle-del-panorama-del-nuoto-tricolore\/","name":"arena verso i Mondiali di Hangzou con il lancio di due nuove stelle del panorama del nuoto tricolore - arena swim blog","isPartOf":{"@id":"https:\/\/blog.arenaswim.com\/en\/#website"},"datePublished":"2018-11-21T00:00:00+00:00","dateModified":"2018-11-21T00:00:00+00:00","breadcrumb":{"@id":"https:\/\/blog.arenaswim.com\/it\/elite-team\/arena-verso-mondiali-di-hangzou-con-il-lancio-di-due-nuove-stelle-del-panorama-del-nuoto-tricolore\/#breadcrumb"},"inLanguage":"it-IT","potentialAction":[{"@type":"ReadAction","target":["https:\/\/blog.arenaswim.com\/it\/elite-team\/arena-verso-mondiali-di-hangzou-con-il-lancio-di-due-nuove-stelle-del-panorama-del-nuoto-tricolore\/"]}]},{"@type":"BreadcrumbList","@id":"https:\/\/blog.arenaswim.com\/it\/elite-team\/arena-verso-mondiali-di-hangzou-con-il-lancio-di-due-nuove-stelle-del-panorama-del-nuoto-tricolore\/#breadcrumb","itemListElement":[{"@type":"ListItem","position":1,"name":"Home","item":"https:\/\/blog.arenaswim.com\/en\/"},{"@type":"ListItem","position":2,"name":"Elite Team","item":"https:\/\/blog.arenaswim.com\/en\/elite-team\/"},{"@type":"ListItem","position":3,"name":"arena verso i Mondiali di Hangzou con il lancio di due nuove stelle del panorama del nuoto tricolore"}]},{"@type":"WebSite","@id":"https:\/\/blog.arenaswim.com\/en\/#website","url":"https:\/\/blog.arenaswim.com\/en\/","name":"arena swim blog","description":"","publisher":{"@id":"https:\/\/blog.arenaswim.com\/en\/#organization"},"potentialAction":[{"@type":"SearchAction","target":{"@type":"EntryPoint","urlTemplate":"https:\/\/blog.arenaswim.com\/en\/?s={search_term_string}"},"query-input":"required name=search_term_string"}],"inLanguage":"it-IT"},{"@type":"Organization","@id":"https:\/\/blog.arenaswim.com\/en\/#organization","name":"arena","url":"https:\/\/blog.arenaswim.com\/en\/","logo":{"@type":"ImageObject","inLanguage":"it-IT","@id":"https:\/\/blog.arenaswim.com\/en\/#\/schema\/logo\/image\/","url":"https:\/\/blog.arenaswim.com\/wp-content\/uploads\/2019\/07\/LOGO-ARENA-VERTICAL-POSITIVE.png","contentUrl":"https:\/\/blog.arenaswim.com\/wp-content\/uploads\/2019\/07\/LOGO-ARENA-VERTICAL-POSITIVE.png","width":380,"height":268,"caption":"arena"},"image":{"@id":"https:\/\/blog.arenaswim.com\/en\/#\/schema\/logo\/image\/"},"sameAs":["http:\/\/instagram.com\/arenawaterinstinct","https:\/\/www.pinterest.it\/arenawaterinstinct\/","https:\/\/www.youtube.com\/arenapeople","https:\/\/www.facebook.com\/arenawaterinstinct\/","https:\/\/twitter.com\/arenapeople"]},{"@type":"Person","@id":"https:\/\/blog.arenaswim.com\/en\/#\/schema\/person\/6ca25b3a59723796d774641b00c169f6","name":"Arena","image":{"@type":"ImageObject","inLanguage":"it-IT","@id":"https:\/\/blog.arenaswim.com\/en\/#\/schema\/person\/image\/","url":"https:\/\/secure.gravatar.com\/avatar\/01f3bfaa4066977c68fe01c528d2b090?s=96&d=mm&r=g","contentUrl":"https:\/\/secure.gravatar.com\/avatar\/01f3bfaa4066977c68fe01c528d2b090?s=96&d=mm&r=g","caption":"Arena"},"url":"https:\/\/blog.arenaswim.com\/it\/author\/arena\/"}]}},"amp_enabled":true,"_links":{"self":[{"href":"https:\/\/blog.arenaswim.com\/it\/wp-json\/wp\/v2\/posts\/71044"}],"collection":[{"href":"https:\/\/blog.arenaswim.com\/it\/wp-json\/wp\/v2\/posts"}],"about":[{"href":"https:\/\/blog.arenaswim.com\/it\/wp-json\/wp\/v2\/types\/post"}],"author":[{"embeddable":true,"href":"https:\/\/blog.arenaswim.com\/it\/wp-json\/wp\/v2\/users\/1310"}],"replies":[{"embeddable":true,"href":"https:\/\/blog.arenaswim.com\/it\/wp-json\/wp\/v2\/comments?post=71044"}],"version-history":[{"count":0,"href":"https:\/\/blog.arenaswim.com\/it\/wp-json\/wp\/v2\/posts\/71044\/revisions"}],"wp:featuredmedia":[{"embeddable":true,"href":"https:\/\/blog.arenaswim.com\/it\/wp-json\/wp\/v2\/media\/6498"}],"wp:attachment":[{"href":"https:\/\/blog.arenaswim.com\/it\/wp-json\/wp\/v2\/media?parent=71044"}],"wp:term":[{"taxonomy":"category","embeddable":true,"href":"https:\/\/blog.arenaswim.com\/it\/wp-json\/wp\/v2\/categories?post=71044"},{"taxonomy":"post_tag","embeddable":true,"href":"https:\/\/blog.arenaswim.com\/it\/wp-json\/wp\/v2\/tags?post=71044"}],"curies":[{"name":"wp","href":"https:\/\/api.w.org\/{rel}","templated":true}]}}