{"id":71442,"date":"2019-09-12T11:01:49","date_gmt":"2019-09-12T11:01:49","guid":{"rendered":"https:\/\/blog.arenaswim.com\/?p=71442"},"modified":"2019-09-12T12:29:00","modified_gmt":"2019-09-12T12:29:00","slug":"francesca-liberatore-ss2020-welcome-to-a-new-milano-fashion-week-experience","status":"publish","type":"post","link":"https:\/\/blog.arenaswim.com\/it\/eventi-e-gare\/francesca-liberatore-ss2020-welcome-to-a-new-milano-fashion-week-experience\/","title":{"rendered":"FRANCESCA LIBERATORE SS2020 &#8211; Welcome to a new Milano Fashion Week Experience!"},"content":{"rendered":"<p><em>\u201c Dopo dieci anni di percorso, desideravo dare una voce diversa a ci\u00f2 che la mia mente percepisce nei cambiamenti fluidi e incalzanti della moda come espressione sociale, attraverso un format alternativo. Volevo arricchire quello che \u00e8 il messaggio con dinamiche totalmente nuove che potessero coinvolgere chiunque desideri vederle: la creativit\u00e0 \u00e8 sconvolgimento, sorpresa, significa guardare attraverso punti di vista non comuni e spesso non convenzionali, ed \u00e8 proprio per queste caratteristiche che suscita sgomento, riflessione, abbaglio.\u201d<\/em><\/p>\n<figure id=\"attachment_71464\" aria-describedby=\"caption-attachment-71464\" style=\"width: 200px\" class=\"wp-caption alignnone\"><img decoding=\"async\" loading=\"lazy\" class=\"wp-image-71464 size-medium\" src=\"https:\/\/blog.arenaswim.com\/wp-content\/uploads\/2019\/09\/FL02-01_Blog-200x300.jpg\" alt=\"\" width=\"200\" height=\"300\" srcset=\"https:\/\/blog.arenaswim.com\/wp-content\/uploads\/2019\/09\/FL02-01_Blog-200x300.jpg 200w, https:\/\/blog.arenaswim.com\/wp-content\/uploads\/2019\/09\/FL02-01_Blog.jpg 600w\" sizes=\"(max-width: 200px) 100vw, 200px\" \/><figcaption id=\"caption-attachment-71464\" class=\"wp-caption-text\">Francesca Liberatore<\/figcaption><\/figure>\n<p><strong>FRANCESCA LIBERATORE d\u00e0 vita a una collezione spettacolare e &#8216;unconventional&#8217;, che dalla non-passerella lancia un messaggio forte atto a voler rigenerare la moda in tutti i suoi aspetti.<\/strong>\u00a0Nei capi animali fantastici si trasformano, si compongono e si rigenerano, rinnovando e visibilmente sovrapponendo i valori classici del brand alla nuova donna LIBERATORE.<\/p>\n<p><strong>\u201cQuando siamo venuti in contatto con Francesca e abbiamo visto alcuni suoi disegni, immediatamente era evidente un\u2019affinit\u00e0 al mondo arena e al mondo dell&#8217;Acqua\u201d<\/strong>\u00a0dice Giovanni Campaglia direttore marketing arena, \u201cci ha parlato dell&#8217;idea di presentare la collezione in maniera nuova, possibilmente in una piscina, per donare una location ideale ai suoi animali fantastici marini, che simboleggiano la metamorfosi della donna Liberatore che rinasce continuamente, oltre alla forte personalit\u00e0 e grande voglia di innovare della stilista.<\/p>\n<p>Questa evoluzione ci \u00e8 sembrata molto interessante e in linea con quello che viviamo quotidianamente nelle trasformazioni acquatiche dei nostri campioni che in piscina e in mare esprimono tecnica, perfezione del gesto atletico e bellezza, diventando un tutt\u2019uno con l\u2019elemento acqua.\u201d<\/p>\n<p><strong>Lo show, come fortemente voluto dalla giovane stilista romana, fa altrettanto grazie all&#8217;entusiasmo di arena, della Federazione Italiana Nuoto, della Nazionale Italiana di Nuoto Sincronizzato e di DHL Express Italy<\/strong>\u00a0nel continuativo supporto verso i progetti moda globali: sarebbe riduttivo parlare di runway show, inteso come fine a se stesso e a pochi fruitori, gli addetti ai lavori delle passerelle milanesi&#8230;<\/p>\n<p><strong>\u201cHo sentito il fortissimo desiderio di aprirmi e lasciarmi contaminare da altri settori, diversi, autentici, che fanno parte della mia continua voglia di crescere, di sperimentare e cambiare.<\/strong>\u00a0La collaborazione con arena era assolutamente quello che cercavo per rispondere all&#8217;esigenza di risvegliare sistemi e coscienze di quel Made in Italy capace di portare in campo una creativit\u00e0 fresca, nuova, insieme alla solidit\u00e0 di un marchio storico e italiano come Arena, dando vita a un format insolito ma urbano espressione massima di questo dinamismo.<\/p>\n<p><strong>L&#8217;avvento dei social, il mio lavoro da insegnante e stilista in giro per il mondo, la giovane et\u00e0, mi ha portato sempre pi\u00f9 nel corso degli ultimi anni a creare un dialogo con i miei sostenitori<\/strong>, ammiratori, compratori, quelli che cercano una cosa insolita, che sono attenti a registrare i momenti diversi perch\u00e9 con quelli si cresce, pronti ad un livello di complessit\u00e0 che genera pensiero rispetto al semplice di pi\u00f9 comune e rapida diffusione e ringrazio DHL che \u00e8 stata spesso al mio fianco in questo\u201d .<\/p>\n<p><strong>Affinch\u00e9 il linguaggio moda fosse realmente inclusivo infatti, anche la scelta della location \u00e8 stata fondamentale.<\/strong>\u00a0I Bagni Misteriosi, con la loro bellezza sofisticata, dove il passato e la modernit\u00e0 si incontrano, sono lo specchio della Milano in continuo movimento che ogni giorno ispirano la stilista. I\u00a0 Bagni Misteriosi rimarranno accessibili al pubblico di bagnanti e abbonati del Teatro Franco Parenti durante lo show, abbracciando la filosofia della fashion designer: non blindare un luogo di quotidiana fruizione in\u00a0nome di una sfilata ma rendere lo show aperto ad un mercato reale fatto di giovani, fashionisti, sportivi, appassionati o semplicemente curiosi, che vedono convergere l\u2019estetica di un momento normalmente molto elitario come una sfilata e l\u2019unicit\u00e0 e la tecnica dei prodotti che vengono usati e visti nel quotidiano come i capi swimwear: un evento \u00abper tutti\u00bb, nell\u2019idea di moda come arte inclusiva, intrisa di valori comuni ai pi\u00f9 \u2013 come lo sport. Per questo, nasce la collaborazione con arena e lo storico partner DHL Express.<\/p>\n<p>\u201cNell&#8217;accogliere con entusiasmo questo progetto ci \u00e8 sembrato naturale coinvolgere la disciplina che pi\u00f9 di ogni altra rappresenta l\u2019armonia e la bellezza in acqua : il nuoto sincronizzato, con la collaborazione e la partecipazione della\u00a0<strong>Nazionale Italiana di Nuoto Sincronizzato<\/strong>\u00a0che, indossando costumi mai visti prima Francesca Liberatore \u2013 arena, far\u00e0 vivere al pubblico della sfilata emozioni uniche.<br \/>\n<strong>Il modello di costume che arena ha offerto alla stilista per la realizzazione di questa linea \u00e8 arena One<\/strong>: un costume innovativo realizzato con un unico pezzo di tessuto , che grazie alla sua esclusiva costruzione riesce a valorizzare al meglio i complessi ed affascinanti disegni di Francesca Liberatore.\u201d<\/p>\n<p>A chiudere il tragitto a bordo vasca un pezzo speciale realizzato dal genio creativo della Liberatore e i tessuti tecnici di arena, totalmente brandizzato dai colori iconici di DHL .<\/p>\n<p><em>\u201cL&#8217;illusionista che scompone un corpo, ha tratti di realt\u00e0 e finzione ma nel generare quell&#8217;incanto rende lo spettatore fruitore di una magia reale. Cos\u00ed ho scomposto la mia moda, i cardini del mio percorso, per rendere reali, attraverso l&#8217;espediente estetico, quelle che sono nuove prospettive rispetto ad un sistema che tende a essere spesso troppo statico ed esclusivo.\u00a0<\/em><em>Attraverso la sinergia di corpo e mente, di moda e sport, di forze che si spiegano insieme cos\u00ec come nella sincronia dei movimenti nel loro pi\u00f9 alto livello con le sincronette, dimostro ai miei giovani che creando progetti belli \u00e8 possibile farli convergere tutti in realt\u00e0\u201d.<\/em><\/p>\n<p>Bio:\u00a0<a href=\"http:\/\/www.francescaliberatore.it\/\">www.francescaliberatore.it<\/a><\/p>\n<p>Colori: @francescaliberatoreofficial<\/p>\n<p>Silhouettes: siete qui per giudicarle voi!<\/p>\n","protected":false},"excerpt":{"rendered":"<p>\u201c Dopo dieci anni di percorso, desideravo dare una voce diversa a ci\u00f2 che la mia mente percepisce nei cambiamenti fluidi e incalzanti della moda come espressione sociale, attraverso un &hellip;<\/p>\n","protected":false},"author":1310,"featured_media":71448,"comment_status":"closed","ping_status":"closed","sticky":false,"template":"","format":"standard","meta":[],"categories":[10116],"tags":[],"acf":[],"yoast_head":"<!-- This site is optimized with the Yoast SEO plugin v19.14 - https:\/\/yoast.com\/wordpress\/plugins\/seo\/ -->\n<title>FRANCESCA LIBERATORE SS2020 - Welcome to a new Milano Fashion Week Experience! - arena swim blog<\/title>\n<meta name=\"robots\" content=\"index, follow, max-snippet:-1, max-image-preview:large, max-video-preview:-1\" \/>\n<link rel=\"canonical\" href=\"https:\/\/blog.arenaswim.com\/it\/eventi-e-gare\/francesca-liberatore-ss2020-welcome-to-a-new-milano-fashion-week-experience\/\" \/>\n<meta property=\"og:locale\" content=\"it_IT\" \/>\n<meta property=\"og:type\" content=\"article\" \/>\n<meta property=\"og:title\" content=\"FRANCESCA LIBERATORE SS2020 - Welcome to a new Milano Fashion Week Experience! - arena swim blog\" \/>\n<meta property=\"og:description\" content=\"\u201c Dopo dieci anni di percorso, desideravo dare una voce diversa a ci\u00f2 che la mia mente percepisce nei cambiamenti fluidi e incalzanti della moda come espressione sociale, attraverso un &hellip;\" \/>\n<meta property=\"og:url\" content=\"https:\/\/blog.arenaswim.com\/it\/eventi-e-gare\/francesca-liberatore-ss2020-welcome-to-a-new-milano-fashion-week-experience\/\" \/>\n<meta property=\"og:site_name\" content=\"arena swim blog\" \/>\n<meta property=\"article:publisher\" content=\"https:\/\/www.facebook.com\/arenawaterinstinct\/\" \/>\n<meta property=\"article:published_time\" content=\"2019-09-12T11:01:49+00:00\" \/>\n<meta property=\"article:modified_time\" content=\"2019-09-12T12:29:00+00:00\" \/>\n<meta property=\"og:image\" content=\"https:\/\/blog.arenaswim.com\/wp-content\/uploads\/2019\/09\/blog_FL.jpg\" \/>\n\t<meta property=\"og:image:width\" content=\"800\" \/>\n\t<meta property=\"og:image:height\" content=\"418\" \/>\n\t<meta property=\"og:image:type\" content=\"image\/jpeg\" \/>\n<meta name=\"author\" content=\"Arena\" \/>\n<meta name=\"twitter:card\" content=\"summary_large_image\" \/>\n<meta name=\"twitter:creator\" content=\"@arenapeople\" \/>\n<meta name=\"twitter:site\" content=\"@arenapeople\" \/>\n<meta name=\"twitter:label1\" content=\"Scritto da\" \/>\n\t<meta name=\"twitter:data1\" content=\"Arena\" \/>\n\t<meta name=\"twitter:label2\" content=\"Tempo di lettura stimato\" \/>\n\t<meta name=\"twitter:data2\" content=\"4 minuti\" \/>\n<script type=\"application\/ld+json\" class=\"yoast-schema-graph\">{\"@context\":\"https:\/\/schema.org\",\"@graph\":[{\"@type\":\"Article\",\"@id\":\"https:\/\/blog.arenaswim.com\/it\/eventi-e-gare\/francesca-liberatore-ss2020-welcome-to-a-new-milano-fashion-week-experience\/#article\",\"isPartOf\":{\"@id\":\"https:\/\/blog.arenaswim.com\/it\/eventi-e-gare\/francesca-liberatore-ss2020-welcome-to-a-new-milano-fashion-week-experience\/\"},\"author\":{\"name\":\"Arena\",\"@id\":\"https:\/\/blog.arenaswim.com\/en\/#\/schema\/person\/6ca25b3a59723796d774641b00c169f6\"},\"headline\":\"FRANCESCA LIBERATORE SS2020 &#8211; Welcome to a new Milano Fashion Week Experience!\",\"datePublished\":\"2019-09-12T11:01:49+00:00\",\"dateModified\":\"2019-09-12T12:29:00+00:00\",\"mainEntityOfPage\":{\"@id\":\"https:\/\/blog.arenaswim.com\/it\/eventi-e-gare\/francesca-liberatore-ss2020-welcome-to-a-new-milano-fashion-week-experience\/\"},\"wordCount\":907,\"publisher\":{\"@id\":\"https:\/\/blog.arenaswim.com\/en\/#organization\"},\"articleSection\":[\"Eventi e gare\"],\"inLanguage\":\"it-IT\"},{\"@type\":\"WebPage\",\"@id\":\"https:\/\/blog.arenaswim.com\/it\/eventi-e-gare\/francesca-liberatore-ss2020-welcome-to-a-new-milano-fashion-week-experience\/\",\"url\":\"https:\/\/blog.arenaswim.com\/it\/eventi-e-gare\/francesca-liberatore-ss2020-welcome-to-a-new-milano-fashion-week-experience\/\",\"name\":\"FRANCESCA LIBERATORE SS2020 - Welcome to a new Milano Fashion Week Experience! - arena swim blog\",\"isPartOf\":{\"@id\":\"https:\/\/blog.arenaswim.com\/en\/#website\"},\"datePublished\":\"2019-09-12T11:01:49+00:00\",\"dateModified\":\"2019-09-12T12:29:00+00:00\",\"breadcrumb\":{\"@id\":\"https:\/\/blog.arenaswim.com\/it\/eventi-e-gare\/francesca-liberatore-ss2020-welcome-to-a-new-milano-fashion-week-experience\/#breadcrumb\"},\"inLanguage\":\"it-IT\",\"potentialAction\":[{\"@type\":\"ReadAction\",\"target\":[\"https:\/\/blog.arenaswim.com\/it\/eventi-e-gare\/francesca-liberatore-ss2020-welcome-to-a-new-milano-fashion-week-experience\/\"]}]},{\"@type\":\"BreadcrumbList\",\"@id\":\"https:\/\/blog.arenaswim.com\/it\/eventi-e-gare\/francesca-liberatore-ss2020-welcome-to-a-new-milano-fashion-week-experience\/#breadcrumb\",\"itemListElement\":[{\"@type\":\"ListItem\",\"position\":1,\"name\":\"Home\",\"item\":\"https:\/\/blog.arenaswim.com\/en\/\"},{\"@type\":\"ListItem\",\"position\":2,\"name\":\"Eventi e gare\",\"item\":\"https:\/\/blog.arenaswim.com\/it\/eventi-e-gare\/\"},{\"@type\":\"ListItem\",\"position\":3,\"name\":\"FRANCESCA LIBERATORE SS2020 &#8211; Welcome to a new Milano Fashion Week Experience!\"}]},{\"@type\":\"WebSite\",\"@id\":\"https:\/\/blog.arenaswim.com\/en\/#website\",\"url\":\"https:\/\/blog.arenaswim.com\/en\/\",\"name\":\"arena swim blog\",\"description\":\"\",\"publisher\":{\"@id\":\"https:\/\/blog.arenaswim.com\/en\/#organization\"},\"potentialAction\":[{\"@type\":\"SearchAction\",\"target\":{\"@type\":\"EntryPoint\",\"urlTemplate\":\"https:\/\/blog.arenaswim.com\/en\/?s={search_term_string}\"},\"query-input\":\"required name=search_term_string\"}],\"inLanguage\":\"it-IT\"},{\"@type\":\"Organization\",\"@id\":\"https:\/\/blog.arenaswim.com\/en\/#organization\",\"name\":\"arena\",\"url\":\"https:\/\/blog.arenaswim.com\/en\/\",\"logo\":{\"@type\":\"ImageObject\",\"inLanguage\":\"it-IT\",\"@id\":\"https:\/\/blog.arenaswim.com\/en\/#\/schema\/logo\/image\/\",\"url\":\"https:\/\/blog.arenaswim.com\/wp-content\/uploads\/2019\/07\/LOGO-ARENA-VERTICAL-POSITIVE.png\",\"contentUrl\":\"https:\/\/blog.arenaswim.com\/wp-content\/uploads\/2019\/07\/LOGO-ARENA-VERTICAL-POSITIVE.png\",\"width\":380,\"height\":268,\"caption\":\"arena\"},\"image\":{\"@id\":\"https:\/\/blog.arenaswim.com\/en\/#\/schema\/logo\/image\/\"},\"sameAs\":[\"http:\/\/instagram.com\/arenawaterinstinct\",\"https:\/\/www.pinterest.it\/arenawaterinstinct\/\",\"https:\/\/www.youtube.com\/arenapeople\",\"https:\/\/www.facebook.com\/arenawaterinstinct\/\",\"https:\/\/twitter.com\/arenapeople\"]},{\"@type\":\"Person\",\"@id\":\"https:\/\/blog.arenaswim.com\/en\/#\/schema\/person\/6ca25b3a59723796d774641b00c169f6\",\"name\":\"Arena\",\"image\":{\"@type\":\"ImageObject\",\"inLanguage\":\"it-IT\",\"@id\":\"https:\/\/blog.arenaswim.com\/en\/#\/schema\/person\/image\/\",\"url\":\"https:\/\/secure.gravatar.com\/avatar\/01f3bfaa4066977c68fe01c528d2b090?s=96&d=mm&r=g\",\"contentUrl\":\"https:\/\/secure.gravatar.com\/avatar\/01f3bfaa4066977c68fe01c528d2b090?s=96&d=mm&r=g\",\"caption\":\"Arena\"},\"url\":\"https:\/\/blog.arenaswim.com\/it\/author\/arena\/\"}]}<\/script>\n<!-- \/ Yoast SEO plugin. -->","yoast_head_json":{"title":"FRANCESCA LIBERATORE SS2020 - Welcome to a new Milano Fashion Week Experience! - arena swim blog","robots":{"index":"index","follow":"follow","max-snippet":"max-snippet:-1","max-image-preview":"max-image-preview:large","max-video-preview":"max-video-preview:-1"},"canonical":"https:\/\/blog.arenaswim.com\/it\/eventi-e-gare\/francesca-liberatore-ss2020-welcome-to-a-new-milano-fashion-week-experience\/","og_locale":"it_IT","og_type":"article","og_title":"FRANCESCA LIBERATORE SS2020 - Welcome to a new Milano Fashion Week Experience! - arena swim blog","og_description":"\u201c Dopo dieci anni di percorso, desideravo dare una voce diversa a ci\u00f2 che la mia mente percepisce nei cambiamenti fluidi e incalzanti della moda come espressione sociale, attraverso un &hellip;","og_url":"https:\/\/blog.arenaswim.com\/it\/eventi-e-gare\/francesca-liberatore-ss2020-welcome-to-a-new-milano-fashion-week-experience\/","og_site_name":"arena swim blog","article_publisher":"https:\/\/www.facebook.com\/arenawaterinstinct\/","article_published_time":"2019-09-12T11:01:49+00:00","article_modified_time":"2019-09-12T12:29:00+00:00","og_image":[{"width":800,"height":418,"url":"https:\/\/blog.arenaswim.com\/wp-content\/uploads\/2019\/09\/blog_FL.jpg","type":"image\/jpeg"}],"author":"Arena","twitter_card":"summary_large_image","twitter_creator":"@arenapeople","twitter_site":"@arenapeople","twitter_misc":{"Scritto da":"Arena","Tempo di lettura stimato":"4 minuti"},"schema":{"@context":"https:\/\/schema.org","@graph":[{"@type":"Article","@id":"https:\/\/blog.arenaswim.com\/it\/eventi-e-gare\/francesca-liberatore-ss2020-welcome-to-a-new-milano-fashion-week-experience\/#article","isPartOf":{"@id":"https:\/\/blog.arenaswim.com\/it\/eventi-e-gare\/francesca-liberatore-ss2020-welcome-to-a-new-milano-fashion-week-experience\/"},"author":{"name":"Arena","@id":"https:\/\/blog.arenaswim.com\/en\/#\/schema\/person\/6ca25b3a59723796d774641b00c169f6"},"headline":"FRANCESCA LIBERATORE SS2020 &#8211; Welcome to a new Milano Fashion Week Experience!","datePublished":"2019-09-12T11:01:49+00:00","dateModified":"2019-09-12T12:29:00+00:00","mainEntityOfPage":{"@id":"https:\/\/blog.arenaswim.com\/it\/eventi-e-gare\/francesca-liberatore-ss2020-welcome-to-a-new-milano-fashion-week-experience\/"},"wordCount":907,"publisher":{"@id":"https:\/\/blog.arenaswim.com\/en\/#organization"},"articleSection":["Eventi e gare"],"inLanguage":"it-IT"},{"@type":"WebPage","@id":"https:\/\/blog.arenaswim.com\/it\/eventi-e-gare\/francesca-liberatore-ss2020-welcome-to-a-new-milano-fashion-week-experience\/","url":"https:\/\/blog.arenaswim.com\/it\/eventi-e-gare\/francesca-liberatore-ss2020-welcome-to-a-new-milano-fashion-week-experience\/","name":"FRANCESCA LIBERATORE SS2020 - Welcome to a new Milano Fashion Week Experience! - arena swim blog","isPartOf":{"@id":"https:\/\/blog.arenaswim.com\/en\/#website"},"datePublished":"2019-09-12T11:01:49+00:00","dateModified":"2019-09-12T12:29:00+00:00","breadcrumb":{"@id":"https:\/\/blog.arenaswim.com\/it\/eventi-e-gare\/francesca-liberatore-ss2020-welcome-to-a-new-milano-fashion-week-experience\/#breadcrumb"},"inLanguage":"it-IT","potentialAction":[{"@type":"ReadAction","target":["https:\/\/blog.arenaswim.com\/it\/eventi-e-gare\/francesca-liberatore-ss2020-welcome-to-a-new-milano-fashion-week-experience\/"]}]},{"@type":"BreadcrumbList","@id":"https:\/\/blog.arenaswim.com\/it\/eventi-e-gare\/francesca-liberatore-ss2020-welcome-to-a-new-milano-fashion-week-experience\/#breadcrumb","itemListElement":[{"@type":"ListItem","position":1,"name":"Home","item":"https:\/\/blog.arenaswim.com\/en\/"},{"@type":"ListItem","position":2,"name":"Eventi e gare","item":"https:\/\/blog.arenaswim.com\/it\/eventi-e-gare\/"},{"@type":"ListItem","position":3,"name":"FRANCESCA LIBERATORE SS2020 &#8211; Welcome to a new Milano Fashion Week Experience!"}]},{"@type":"WebSite","@id":"https:\/\/blog.arenaswim.com\/en\/#website","url":"https:\/\/blog.arenaswim.com\/en\/","name":"arena swim blog","description":"","publisher":{"@id":"https:\/\/blog.arenaswim.com\/en\/#organization"},"potentialAction":[{"@type":"SearchAction","target":{"@type":"EntryPoint","urlTemplate":"https:\/\/blog.arenaswim.com\/en\/?s={search_term_string}"},"query-input":"required name=search_term_string"}],"inLanguage":"it-IT"},{"@type":"Organization","@id":"https:\/\/blog.arenaswim.com\/en\/#organization","name":"arena","url":"https:\/\/blog.arenaswim.com\/en\/","logo":{"@type":"ImageObject","inLanguage":"it-IT","@id":"https:\/\/blog.arenaswim.com\/en\/#\/schema\/logo\/image\/","url":"https:\/\/blog.arenaswim.com\/wp-content\/uploads\/2019\/07\/LOGO-ARENA-VERTICAL-POSITIVE.png","contentUrl":"https:\/\/blog.arenaswim.com\/wp-content\/uploads\/2019\/07\/LOGO-ARENA-VERTICAL-POSITIVE.png","width":380,"height":268,"caption":"arena"},"image":{"@id":"https:\/\/blog.arenaswim.com\/en\/#\/schema\/logo\/image\/"},"sameAs":["http:\/\/instagram.com\/arenawaterinstinct","https:\/\/www.pinterest.it\/arenawaterinstinct\/","https:\/\/www.youtube.com\/arenapeople","https:\/\/www.facebook.com\/arenawaterinstinct\/","https:\/\/twitter.com\/arenapeople"]},{"@type":"Person","@id":"https:\/\/blog.arenaswim.com\/en\/#\/schema\/person\/6ca25b3a59723796d774641b00c169f6","name":"Arena","image":{"@type":"ImageObject","inLanguage":"it-IT","@id":"https:\/\/blog.arenaswim.com\/en\/#\/schema\/person\/image\/","url":"https:\/\/secure.gravatar.com\/avatar\/01f3bfaa4066977c68fe01c528d2b090?s=96&d=mm&r=g","contentUrl":"https:\/\/secure.gravatar.com\/avatar\/01f3bfaa4066977c68fe01c528d2b090?s=96&d=mm&r=g","caption":"Arena"},"url":"https:\/\/blog.arenaswim.com\/it\/author\/arena\/"}]}},"amp_enabled":true,"_links":{"self":[{"href":"https:\/\/blog.arenaswim.com\/it\/wp-json\/wp\/v2\/posts\/71442"}],"collection":[{"href":"https:\/\/blog.arenaswim.com\/it\/wp-json\/wp\/v2\/posts"}],"about":[{"href":"https:\/\/blog.arenaswim.com\/it\/wp-json\/wp\/v2\/types\/post"}],"author":[{"embeddable":true,"href":"https:\/\/blog.arenaswim.com\/it\/wp-json\/wp\/v2\/users\/1310"}],"replies":[{"embeddable":true,"href":"https:\/\/blog.arenaswim.com\/it\/wp-json\/wp\/v2\/comments?post=71442"}],"version-history":[{"count":9,"href":"https:\/\/blog.arenaswim.com\/it\/wp-json\/wp\/v2\/posts\/71442\/revisions"}],"predecessor-version":[{"id":71496,"href":"https:\/\/blog.arenaswim.com\/it\/wp-json\/wp\/v2\/posts\/71442\/revisions\/71496"}],"wp:featuredmedia":[{"embeddable":true,"href":"https:\/\/blog.arenaswim.com\/it\/wp-json\/wp\/v2\/media\/71448"}],"wp:attachment":[{"href":"https:\/\/blog.arenaswim.com\/it\/wp-json\/wp\/v2\/media?parent=71442"}],"wp:term":[{"taxonomy":"category","embeddable":true,"href":"https:\/\/blog.arenaswim.com\/it\/wp-json\/wp\/v2\/categories?post=71442"},{"taxonomy":"post_tag","embeddable":true,"href":"https:\/\/blog.arenaswim.com\/it\/wp-json\/wp\/v2\/tags?post=71442"}],"curies":[{"name":"wp","href":"https:\/\/api.w.org\/{rel}","templated":true}]}}