{"id":86689,"date":"2017-07-28T16:30:43","date_gmt":"2017-07-28T14:30:43","guid":{"rendered":"https:\/\/blog.arenaswim.com\/?p=86689"},"modified":"2021-05-17T17:12:58","modified_gmt":"2021-05-17T15:12:58","slug":"road-to-kona-diario-di-un-ironman-il-giorno-prima-della-gara","status":"publish","type":"post","link":"https:\/\/blog.arenaswim.com\/it\/triathlon-acque-libere\/road-to-kona-diario-di-un-ironman-il-giorno-prima-della-gara\/","title":{"rendered":"ROAD TO KONA, Diario di un Ironman &#8211; Il giorno prima della gara"},"content":{"rendered":"<p>E\u2019 sabato sera e io alle 21:30 mi ritrovo in una stanza d\u2019 albergo a scrivere cosa mi passa per la testa.<\/p>\n<p><strong>Ci siamo. Sono a Klagenfurt e domani si gareggia!<\/strong>\u00a0Bici e sacche portate in zona cambio, ovviamente non prima di aver controllato che tutto fosse perfetto. Barrette e integratori sistemati a dovere, abbigliamento, chip e muta appoggiati su una sedia perch\u00e9 cos\u00ec domattina, quando la sveglia suoner\u00e0 alle 3.50, sar\u00f2 certa di non dimenticare nulla! Tutto \u00e8 pronto\u2026 e io?<\/p>\n<p>In molti in questi ultimi giorni mi hanno fatto la stessa domanda : \u201ccome stai?\u201d. Io a tutti ho risposto sempre:\u00a0 \u201cCredo bene!\u201d. In realt\u00e0, quest\u2019ultimo mese, quello in cui dovresti stare pi\u00f9 tranquillo, quello in cui dovresti iniziare a godere del tuo stato fisico per via dello scarico e del tapering \u00a0pre-gara, quello in cui dovresti fremere per i preparativi prima della partenza, \u00e8 stato uno dei periodi peggiori di tutta la mia vita.<\/p>\n<p><strong>All\u2019 inizio di giugno, proprio nel bel mezzo delle ultime 2 settimane di carico prima della gara, i miei genitori hanno avuto un brutto incidente in scooter\u00a0<\/strong>e mio padre ha dovuto subire un intervento chirurgico che lo ha costretto in ospedale per pi\u00f9 di 20 giorni! E\u2019 stato un periodo molto angosciante e stressante durante il quale, pur cercando di rispettare sempre i miei allenamenti, ho pensato molto poco alla gara e mi sono invece concentrata su problemi ben pi\u00f9 seri! Ero preoccupata e avevo nervi a fior di pelle.<\/p>\n<p><strong>Come se non bastasse, ci si \u00e8 messo anche l\u2019hotel\u00a0<\/strong>che avevo prenotato ben 8 mesi fa, ad aumentare l\u2019agitazione! Ho casualmente telefonato qualche giorno prima della partenza per chiedere di rimanere una notte in pi\u00f9 e\u2026 voil\u00e0, la mia prenotazione era stata cancellata per errore e quindi non avevano pi\u00f9 stanze per me! AIUTOOOO!!!! Ditemi che \u00e8 solo uno scherzo! Trovare una stanza libera a Klagenfurt, una settimana prima dell\u2019Ironman \u00e8 praticamente impossibile!\u00a0 Poi fortunatamente l\u2019albergatore si \u00e8 adoperato per trovarmi un\u2019altra sistemazione, cos\u00ec mi sono ritrovata in un hotel\u00a0 molto pi\u00f9 carino e in pieno centro, quindi mi \u00e8 andata bene! E finalmente le cose sono iniziate ad andare per il verso giusto!<\/p>\n<p>I miei sono finalmente tornati a casa qualche giorno prima che io partissi e mio babbo ha iniziato a star molto meglio. Da l\u00ec allora mi sono un po\u2019 \u00a0\u201dtranquillizzata\u201d\u2026o meglio, ho iniziato ad agitarmi solo per la gara!<\/p>\n<p><img decoding=\"async\" loading=\"lazy\" class=\"alignnone wp-image-86674 size-full\" src=\"https:\/\/blog.arenaswim.com\/wp-content\/uploads\/2021\/05\/road_to_kona_5_insert-201x300.jpg\" alt=\"ROAD TO KONA, Diario di un Ironman - Il giorno prima della gara\" width=\"800\" height=\"600\" srcset=\"https:\/\/blog.arenaswim.com\/wp-content\/uploads\/2021\/05\/road_to_kona_5_insert-201x300.jpg 800w, https:\/\/blog.arenaswim.com\/wp-content\/uploads\/2021\/05\/road_to_kona_5_insert-201x300-300x225.jpg 300w, https:\/\/blog.arenaswim.com\/wp-content\/uploads\/2021\/05\/road_to_kona_5_insert-201x300-768x576.jpg 768w\" sizes=\"(max-width: 800px) 100vw, 800px\" \/><\/p>\n<p><strong>Avevo mille cose da fare e non sapevo da dove iniziare!\u00a0<\/strong>Prima di tutto, portare la bici dal meccanico per farla sistemare e controllare che tutto fosse a posto. Poi comprare le ultime cose necessarie da portare in viaggio e fare la valigia, con l\u2019ansia di dimenticare sempre qualcosa! Non vedevo l\u2019ora di partire perch\u00e9 era un po\u2019 come se mi scrollassi di dosso tutto il peso delle cose brutte che aveo vissuto in quell\u2019ultimo periodo! E infatti, cos\u00ec \u00e8 stato! Durante il viaggio sono letteralmente crollata e ho dormito quasi sempre, non \u00e8 da me!<\/p>\n<p><strong>Il momento pi\u00f9 bello \u00e8 stato gioved\u00ec pomeriggio quando sono andata a ritirare il pacco gara.<\/strong>\u00a0Tornare all\u2019expo, girare per i vari stand, comprare gadgets, stare in mezzo agli altri atleti, respirare quell\u2019 aria piena di adrenalina, tensione e allegria mi hanno tolto dalla testa tutti i brutti pensieri dei giorni passati e mi hanno restituito la carica di cui avr\u00f2 bisogno domani per riuscire a realizzare il mio grande sogno!<\/p>\n<p><img decoding=\"async\" loading=\"lazy\" class=\"alignnone wp-image-86680 size-full\" src=\"https:\/\/blog.arenaswim.com\/wp-content\/uploads\/2021\/05\/road_to_kona_5_insert_c-1-201x300.jpg\" alt=\"ROAD TO KONA, Diario di un Ironman - Il giorno prima della gara\" width=\"800\" height=\"600\" srcset=\"https:\/\/blog.arenaswim.com\/wp-content\/uploads\/2021\/05\/road_to_kona_5_insert_c-1-201x300.jpg 800w, https:\/\/blog.arenaswim.com\/wp-content\/uploads\/2021\/05\/road_to_kona_5_insert_c-1-201x300-300x225.jpg 300w, https:\/\/blog.arenaswim.com\/wp-content\/uploads\/2021\/05\/road_to_kona_5_insert_c-1-201x300-768x576.jpg 768w\" sizes=\"(max-width: 800px) 100vw, 800px\" \/><\/p>\n<p>Ma la mia allegria \u00e8 durata solo fino a quando, dopo aver ritirato il mio pettorale, ho letto sul tabellone il numero di slot a disposizione che sar\u00e0 possibile conquistare per poter partecipare all\u2019Ironman di Kona.<\/p>\n<p><strong>Ed ecco che la sfortuna mi perseguita! <\/strong>Scopro che per le donne ci sar\u00e0 una sola slot per categoria.\u00a0<strong>UNA, soltanto per la prima arrivata!<\/strong>\u00a0Negli anni passati ce n\u2019erano sempre state almeno due, sempre!\u00a0 Il che vuol dire solo una cosa: che dovr\u00f2 arrivare prima o posso dire addio alle Hawaii. Sar\u00e0 molto ma molto difficile stavolta. Quasi impossibile. Ma ormai sono qui, mi sono allenata duramente per quasi 9 mesi per questa gara e di certo non rester\u00f2 qui ad autocommiserarmi ma andr\u00f2 fino in fondo e lotter\u00f2 con tutte le mie forze per conquistarmi il mio pezzo di felicit\u00e0!<\/p>\n<p><strong>E\u2019 strano stavolta. Diverso dalle altre gare.<\/strong>\u00a0Di certo fisicamente, sono preparata pi\u00f9 che mai; ma psicologicamente \u00e8 diverso. Sono meno sicura di me, un po\u2019 stanca e spaventata e con in testa tante domande\u2026 e una su tutte: \u201cQuanto lo vuoi veramente\u201d? Me lo sono chiesta tante volte, e non so ancora darmi una risposta.<\/p>\n<p>Ma ora \u00e8 tardi per pensare, e io devo andare a dormire o domani non mi sveglier\u00f2 per la gara!<\/p>\n<p>So solo che a volte, la vita \u00e8 talmente tanto piena di emozioni che noi non riusciamo a comprenderle e ad affrontarle tutte insieme, e l\u2019unica cosa che possiamo fare \u00e8 fermarci a guardare cosa succeder\u00e0. Sar\u00e0 il destino o Dio o qualsiasi altra cosa ci sia sopra le nostre teste a decidere per noi.<\/p>\n<p>E cos\u00ec sar\u00e0. Senza pensare troppo\u2026 staremo a guardare.<\/p>\n","protected":false},"excerpt":{"rendered":"<p>E\u2019 sabato sera e io alle 21:30 mi ritrovo in una stanza d\u2019 albergo a scrivere cosa mi passa per la testa. Ci siamo. Sono a Klagenfurt e domani si &hellip;<\/p>\n","protected":false},"author":1364,"featured_media":86686,"comment_status":"closed","ping_status":"closed","sticky":false,"template":"","format":"standard","meta":[],"categories":[10122],"tags":[],"acf":[],"yoast_head":"<!-- This site is optimized with the Yoast SEO plugin v19.14 - https:\/\/yoast.com\/wordpress\/plugins\/seo\/ -->\n<title>ROAD TO KONA, Diario di un Ironman - Il giorno prima della gara - arena swim blog<\/title>\n<meta name=\"robots\" content=\"index, follow, max-snippet:-1, max-image-preview:large, max-video-preview:-1\" \/>\n<link rel=\"canonical\" href=\"https:\/\/blog.arenaswim.com\/it\/triathlon-acque-libere\/road-to-kona-diario-di-un-ironman-il-giorno-prima-della-gara\/\" \/>\n<meta property=\"og:locale\" content=\"it_IT\" \/>\n<meta property=\"og:type\" content=\"article\" \/>\n<meta property=\"og:title\" content=\"ROAD TO KONA, Diario di un Ironman - Il giorno prima della gara - arena swim blog\" \/>\n<meta property=\"og:description\" content=\"E\u2019 sabato sera e io alle 21:30 mi ritrovo in una stanza d\u2019 albergo a scrivere cosa mi passa per la testa. Ci siamo. Sono a Klagenfurt e domani si &hellip;\" \/>\n<meta property=\"og:url\" content=\"https:\/\/blog.arenaswim.com\/it\/triathlon-acque-libere\/road-to-kona-diario-di-un-ironman-il-giorno-prima-della-gara\/\" \/>\n<meta property=\"og:site_name\" content=\"arena swim blog\" \/>\n<meta property=\"article:publisher\" content=\"https:\/\/www.facebook.com\/arenawaterinstinct\/\" \/>\n<meta property=\"article:published_time\" content=\"2017-07-28T14:30:43+00:00\" \/>\n<meta property=\"article:modified_time\" content=\"2021-05-17T15:12:58+00:00\" \/>\n<meta property=\"og:image\" content=\"https:\/\/blog.arenaswim.com\/wp-content\/uploads\/2021\/05\/klagenfurt_main-300x157.jpg\" \/>\n\t<meta property=\"og:image:width\" content=\"800\" \/>\n\t<meta property=\"og:image:height\" content=\"600\" \/>\n\t<meta property=\"og:image:type\" content=\"image\/jpeg\" \/>\n<meta name=\"author\" content=\"Laura Strappaveccia\" \/>\n<meta name=\"twitter:card\" content=\"summary_large_image\" \/>\n<meta name=\"twitter:creator\" content=\"@arenapeople\" \/>\n<meta name=\"twitter:site\" content=\"@arenapeople\" \/>\n<meta name=\"twitter:label1\" content=\"Scritto da\" \/>\n\t<meta name=\"twitter:data1\" content=\"Laura Strappaveccia\" \/>\n\t<meta name=\"twitter:label2\" content=\"Tempo di lettura stimato\" \/>\n\t<meta name=\"twitter:data2\" content=\"4 minuti\" \/>\n<script type=\"application\/ld+json\" class=\"yoast-schema-graph\">{\"@context\":\"https:\/\/schema.org\",\"@graph\":[{\"@type\":\"Article\",\"@id\":\"https:\/\/blog.arenaswim.com\/it\/triathlon-acque-libere\/road-to-kona-diario-di-un-ironman-il-giorno-prima-della-gara\/#article\",\"isPartOf\":{\"@id\":\"https:\/\/blog.arenaswim.com\/it\/triathlon-acque-libere\/road-to-kona-diario-di-un-ironman-il-giorno-prima-della-gara\/\"},\"author\":{\"name\":\"Laura Strappaveccia\",\"@id\":\"https:\/\/blog.arenaswim.com\/en\/#\/schema\/person\/ab56a86322fa9ee309162cf9f75112c3\"},\"headline\":\"ROAD TO KONA, Diario di un Ironman &#8211; Il giorno prima della gara\",\"datePublished\":\"2017-07-28T14:30:43+00:00\",\"dateModified\":\"2021-05-17T15:12:58+00:00\",\"mainEntityOfPage\":{\"@id\":\"https:\/\/blog.arenaswim.com\/it\/triathlon-acque-libere\/road-to-kona-diario-di-un-ironman-il-giorno-prima-della-gara\/\"},\"wordCount\":852,\"publisher\":{\"@id\":\"https:\/\/blog.arenaswim.com\/en\/#organization\"},\"articleSection\":[\"Triathlon\/Acque Libere\"],\"inLanguage\":\"it-IT\"},{\"@type\":\"WebPage\",\"@id\":\"https:\/\/blog.arenaswim.com\/it\/triathlon-acque-libere\/road-to-kona-diario-di-un-ironman-il-giorno-prima-della-gara\/\",\"url\":\"https:\/\/blog.arenaswim.com\/it\/triathlon-acque-libere\/road-to-kona-diario-di-un-ironman-il-giorno-prima-della-gara\/\",\"name\":\"ROAD TO KONA, Diario di un Ironman - Il giorno prima della gara - arena swim blog\",\"isPartOf\":{\"@id\":\"https:\/\/blog.arenaswim.com\/en\/#website\"},\"datePublished\":\"2017-07-28T14:30:43+00:00\",\"dateModified\":\"2021-05-17T15:12:58+00:00\",\"breadcrumb\":{\"@id\":\"https:\/\/blog.arenaswim.com\/it\/triathlon-acque-libere\/road-to-kona-diario-di-un-ironman-il-giorno-prima-della-gara\/#breadcrumb\"},\"inLanguage\":\"it-IT\",\"potentialAction\":[{\"@type\":\"ReadAction\",\"target\":[\"https:\/\/blog.arenaswim.com\/it\/triathlon-acque-libere\/road-to-kona-diario-di-un-ironman-il-giorno-prima-della-gara\/\"]}]},{\"@type\":\"BreadcrumbList\",\"@id\":\"https:\/\/blog.arenaswim.com\/it\/triathlon-acque-libere\/road-to-kona-diario-di-un-ironman-il-giorno-prima-della-gara\/#breadcrumb\",\"itemListElement\":[{\"@type\":\"ListItem\",\"position\":1,\"name\":\"Home\",\"item\":\"https:\/\/blog.arenaswim.com\/en\/\"},{\"@type\":\"ListItem\",\"position\":2,\"name\":\"Triathlon &amp; Open Water\",\"item\":\"https:\/\/blog.arenaswim.com\/en\/triathlon-open-water\/\"},{\"@type\":\"ListItem\",\"position\":3,\"name\":\"ROAD TO KONA, Diario di un Ironman &#8211; Il giorno prima della gara\"}]},{\"@type\":\"WebSite\",\"@id\":\"https:\/\/blog.arenaswim.com\/en\/#website\",\"url\":\"https:\/\/blog.arenaswim.com\/en\/\",\"name\":\"arena swim blog\",\"description\":\"\",\"publisher\":{\"@id\":\"https:\/\/blog.arenaswim.com\/en\/#organization\"},\"potentialAction\":[{\"@type\":\"SearchAction\",\"target\":{\"@type\":\"EntryPoint\",\"urlTemplate\":\"https:\/\/blog.arenaswim.com\/en\/?s={search_term_string}\"},\"query-input\":\"required name=search_term_string\"}],\"inLanguage\":\"it-IT\"},{\"@type\":\"Organization\",\"@id\":\"https:\/\/blog.arenaswim.com\/en\/#organization\",\"name\":\"arena\",\"url\":\"https:\/\/blog.arenaswim.com\/en\/\",\"logo\":{\"@type\":\"ImageObject\",\"inLanguage\":\"it-IT\",\"@id\":\"https:\/\/blog.arenaswim.com\/en\/#\/schema\/logo\/image\/\",\"url\":\"https:\/\/blog.arenaswim.com\/wp-content\/uploads\/2019\/07\/LOGO-ARENA-VERTICAL-POSITIVE.png\",\"contentUrl\":\"https:\/\/blog.arenaswim.com\/wp-content\/uploads\/2019\/07\/LOGO-ARENA-VERTICAL-POSITIVE.png\",\"width\":380,\"height\":268,\"caption\":\"arena\"},\"image\":{\"@id\":\"https:\/\/blog.arenaswim.com\/en\/#\/schema\/logo\/image\/\"},\"sameAs\":[\"http:\/\/instagram.com\/arenawaterinstinct\",\"https:\/\/www.pinterest.it\/arenawaterinstinct\/\",\"https:\/\/www.youtube.com\/arenapeople\",\"https:\/\/www.facebook.com\/arenawaterinstinct\/\",\"https:\/\/twitter.com\/arenapeople\"]},{\"@type\":\"Person\",\"@id\":\"https:\/\/blog.arenaswim.com\/en\/#\/schema\/person\/ab56a86322fa9ee309162cf9f75112c3\",\"name\":\"Laura Strappaveccia\",\"image\":{\"@type\":\"ImageObject\",\"inLanguage\":\"it-IT\",\"@id\":\"https:\/\/blog.arenaswim.com\/en\/#\/schema\/person\/image\/\",\"url\":\"https:\/\/secure.gravatar.com\/avatar\/2e2e9621919b199eb984eea106b43bbf?s=96&d=mm&r=g\",\"contentUrl\":\"https:\/\/secure.gravatar.com\/avatar\/2e2e9621919b199eb984eea106b43bbf?s=96&d=mm&r=g\",\"caption\":\"Laura Strappaveccia\"},\"description\":\"Laura Strappaveccia started her Triathlon adventure three years ago. Her life is divided between training for Ironman, her family and her full-time job. Laura is a multiple Ironman finisher (she competed in South Africa, Austria, Italy and Spain). She is currently training for the Zurich Ironman in July and her goal for this year is to qualify for Kona.\",\"url\":\"https:\/\/blog.arenaswim.com\/it\/author\/lstrappaveccia\/\"}]}<\/script>\n<!-- \/ Yoast SEO plugin. -->","yoast_head_json":{"title":"ROAD TO KONA, Diario di un Ironman - Il giorno prima della gara - arena swim blog","robots":{"index":"index","follow":"follow","max-snippet":"max-snippet:-1","max-image-preview":"max-image-preview:large","max-video-preview":"max-video-preview:-1"},"canonical":"https:\/\/blog.arenaswim.com\/it\/triathlon-acque-libere\/road-to-kona-diario-di-un-ironman-il-giorno-prima-della-gara\/","og_locale":"it_IT","og_type":"article","og_title":"ROAD TO KONA, Diario di un Ironman - Il giorno prima della gara - arena swim blog","og_description":"E\u2019 sabato sera e io alle 21:30 mi ritrovo in una stanza d\u2019 albergo a scrivere cosa mi passa per la testa. Ci siamo. Sono a Klagenfurt e domani si &hellip;","og_url":"https:\/\/blog.arenaswim.com\/it\/triathlon-acque-libere\/road-to-kona-diario-di-un-ironman-il-giorno-prima-della-gara\/","og_site_name":"arena swim blog","article_publisher":"https:\/\/www.facebook.com\/arenawaterinstinct\/","article_published_time":"2017-07-28T14:30:43+00:00","article_modified_time":"2021-05-17T15:12:58+00:00","og_image":[{"width":800,"height":600,"url":"https:\/\/blog.arenaswim.com\/wp-content\/uploads\/2021\/05\/klagenfurt_main-300x157.jpg","type":"image\/jpeg"}],"author":"Laura Strappaveccia","twitter_card":"summary_large_image","twitter_creator":"@arenapeople","twitter_site":"@arenapeople","twitter_misc":{"Scritto da":"Laura Strappaveccia","Tempo di lettura stimato":"4 minuti"},"schema":{"@context":"https:\/\/schema.org","@graph":[{"@type":"Article","@id":"https:\/\/blog.arenaswim.com\/it\/triathlon-acque-libere\/road-to-kona-diario-di-un-ironman-il-giorno-prima-della-gara\/#article","isPartOf":{"@id":"https:\/\/blog.arenaswim.com\/it\/triathlon-acque-libere\/road-to-kona-diario-di-un-ironman-il-giorno-prima-della-gara\/"},"author":{"name":"Laura Strappaveccia","@id":"https:\/\/blog.arenaswim.com\/en\/#\/schema\/person\/ab56a86322fa9ee309162cf9f75112c3"},"headline":"ROAD TO KONA, Diario di un Ironman &#8211; Il giorno prima della gara","datePublished":"2017-07-28T14:30:43+00:00","dateModified":"2021-05-17T15:12:58+00:00","mainEntityOfPage":{"@id":"https:\/\/blog.arenaswim.com\/it\/triathlon-acque-libere\/road-to-kona-diario-di-un-ironman-il-giorno-prima-della-gara\/"},"wordCount":852,"publisher":{"@id":"https:\/\/blog.arenaswim.com\/en\/#organization"},"articleSection":["Triathlon\/Acque Libere"],"inLanguage":"it-IT"},{"@type":"WebPage","@id":"https:\/\/blog.arenaswim.com\/it\/triathlon-acque-libere\/road-to-kona-diario-di-un-ironman-il-giorno-prima-della-gara\/","url":"https:\/\/blog.arenaswim.com\/it\/triathlon-acque-libere\/road-to-kona-diario-di-un-ironman-il-giorno-prima-della-gara\/","name":"ROAD TO KONA, Diario di un Ironman - Il giorno prima della gara - arena swim blog","isPartOf":{"@id":"https:\/\/blog.arenaswim.com\/en\/#website"},"datePublished":"2017-07-28T14:30:43+00:00","dateModified":"2021-05-17T15:12:58+00:00","breadcrumb":{"@id":"https:\/\/blog.arenaswim.com\/it\/triathlon-acque-libere\/road-to-kona-diario-di-un-ironman-il-giorno-prima-della-gara\/#breadcrumb"},"inLanguage":"it-IT","potentialAction":[{"@type":"ReadAction","target":["https:\/\/blog.arenaswim.com\/it\/triathlon-acque-libere\/road-to-kona-diario-di-un-ironman-il-giorno-prima-della-gara\/"]}]},{"@type":"BreadcrumbList","@id":"https:\/\/blog.arenaswim.com\/it\/triathlon-acque-libere\/road-to-kona-diario-di-un-ironman-il-giorno-prima-della-gara\/#breadcrumb","itemListElement":[{"@type":"ListItem","position":1,"name":"Home","item":"https:\/\/blog.arenaswim.com\/en\/"},{"@type":"ListItem","position":2,"name":"Triathlon &amp; Open Water","item":"https:\/\/blog.arenaswim.com\/en\/triathlon-open-water\/"},{"@type":"ListItem","position":3,"name":"ROAD TO KONA, Diario di un Ironman &#8211; Il giorno prima della gara"}]},{"@type":"WebSite","@id":"https:\/\/blog.arenaswim.com\/en\/#website","url":"https:\/\/blog.arenaswim.com\/en\/","name":"arena swim blog","description":"","publisher":{"@id":"https:\/\/blog.arenaswim.com\/en\/#organization"},"potentialAction":[{"@type":"SearchAction","target":{"@type":"EntryPoint","urlTemplate":"https:\/\/blog.arenaswim.com\/en\/?s={search_term_string}"},"query-input":"required name=search_term_string"}],"inLanguage":"it-IT"},{"@type":"Organization","@id":"https:\/\/blog.arenaswim.com\/en\/#organization","name":"arena","url":"https:\/\/blog.arenaswim.com\/en\/","logo":{"@type":"ImageObject","inLanguage":"it-IT","@id":"https:\/\/blog.arenaswim.com\/en\/#\/schema\/logo\/image\/","url":"https:\/\/blog.arenaswim.com\/wp-content\/uploads\/2019\/07\/LOGO-ARENA-VERTICAL-POSITIVE.png","contentUrl":"https:\/\/blog.arenaswim.com\/wp-content\/uploads\/2019\/07\/LOGO-ARENA-VERTICAL-POSITIVE.png","width":380,"height":268,"caption":"arena"},"image":{"@id":"https:\/\/blog.arenaswim.com\/en\/#\/schema\/logo\/image\/"},"sameAs":["http:\/\/instagram.com\/arenawaterinstinct","https:\/\/www.pinterest.it\/arenawaterinstinct\/","https:\/\/www.youtube.com\/arenapeople","https:\/\/www.facebook.com\/arenawaterinstinct\/","https:\/\/twitter.com\/arenapeople"]},{"@type":"Person","@id":"https:\/\/blog.arenaswim.com\/en\/#\/schema\/person\/ab56a86322fa9ee309162cf9f75112c3","name":"Laura Strappaveccia","image":{"@type":"ImageObject","inLanguage":"it-IT","@id":"https:\/\/blog.arenaswim.com\/en\/#\/schema\/person\/image\/","url":"https:\/\/secure.gravatar.com\/avatar\/2e2e9621919b199eb984eea106b43bbf?s=96&d=mm&r=g","contentUrl":"https:\/\/secure.gravatar.com\/avatar\/2e2e9621919b199eb984eea106b43bbf?s=96&d=mm&r=g","caption":"Laura Strappaveccia"},"description":"Laura Strappaveccia started her Triathlon adventure three years ago. Her life is divided between training for Ironman, her family and her full-time job. Laura is a multiple Ironman finisher (she competed in South Africa, Austria, Italy and Spain). She is currently training for the Zurich Ironman in July and her goal for this year is to qualify for Kona.","url":"https:\/\/blog.arenaswim.com\/it\/author\/lstrappaveccia\/"}]}},"amp_enabled":true,"_links":{"self":[{"href":"https:\/\/blog.arenaswim.com\/it\/wp-json\/wp\/v2\/posts\/86689"}],"collection":[{"href":"https:\/\/blog.arenaswim.com\/it\/wp-json\/wp\/v2\/posts"}],"about":[{"href":"https:\/\/blog.arenaswim.com\/it\/wp-json\/wp\/v2\/types\/post"}],"author":[{"embeddable":true,"href":"https:\/\/blog.arenaswim.com\/it\/wp-json\/wp\/v2\/users\/1364"}],"replies":[{"embeddable":true,"href":"https:\/\/blog.arenaswim.com\/it\/wp-json\/wp\/v2\/comments?post=86689"}],"version-history":[{"count":1,"href":"https:\/\/blog.arenaswim.com\/it\/wp-json\/wp\/v2\/posts\/86689\/revisions"}],"predecessor-version":[{"id":86690,"href":"https:\/\/blog.arenaswim.com\/it\/wp-json\/wp\/v2\/posts\/86689\/revisions\/86690"}],"wp:featuredmedia":[{"embeddable":true,"href":"https:\/\/blog.arenaswim.com\/it\/wp-json\/wp\/v2\/media\/86686"}],"wp:attachment":[{"href":"https:\/\/blog.arenaswim.com\/it\/wp-json\/wp\/v2\/media?parent=86689"}],"wp:term":[{"taxonomy":"category","embeddable":true,"href":"https:\/\/blog.arenaswim.com\/it\/wp-json\/wp\/v2\/categories?post=86689"},{"taxonomy":"post_tag","embeddable":true,"href":"https:\/\/blog.arenaswim.com\/it\/wp-json\/wp\/v2\/tags?post=86689"}],"curies":[{"name":"wp","href":"https:\/\/api.w.org\/{rel}","templated":true}]}}